{"id":4,"name":"Thomas RODENSTEIN-SCHUBNEL","url":"https:\/\/afges.org\/agorae\/","description":"Charg\u00e9 de Mission AGORA\u00e9 (salari\u00e9) de l'AFGES","link":"https:\/\/interne.afges.org\/en\/author\/t-schubnel\/","slug":"t-schubnel","meta":[],"yoast_head":"<!-- This site is optimized with the Yoast SEO plugin v27.2 - https:\/\/yoast.com\/product\/yoast-seo-wordpress\/ -->\n<title>Thomas RODENSTEIN-SCHUBNEL, auteur\/autrice sur AFGES<\/title>\n<meta name=\"robots\" content=\"index, follow, max-snippet:-1, max-image-preview:large, max-video-preview:-1\" \/>\n<link rel=\"canonical\" href=\"https:\/\/www.afges.org\/en\/author\/t-schubnel\/\" \/>\n<meta property=\"og:locale\" content=\"en_US\" \/>\n<meta property=\"og:type\" content=\"profile\" \/>\n<meta property=\"og:title\" content=\"Thomas RODENSTEIN-SCHUBNEL, auteur\/autrice sur AFGES\" \/>\n<meta property=\"og:url\" content=\"https:\/\/www.afges.org\/en\/author\/t-schubnel\/\" \/>\n<meta property=\"og:site_name\" content=\"AFGES\" \/>\n<meta property=\"og:image\" content=\"https:\/\/interne.afges.org\/wp-content\/uploads\/2023\/10\/unnamed.jpg\" \/>\n\t<meta property=\"og:image:width\" content=\"240\" \/>\n\t<meta property=\"og:image:height\" content=\"240\" \/>\n\t<meta property=\"og:image:type\" content=\"image\/jpeg\" \/>\n<meta name=\"twitter:card\" content=\"summary_large_image\" \/>\n<meta name=\"twitter:site\" content=\"@AFGES\" \/>\n<script type=\"application\/ld+json\" class=\"yoast-schema-graph\">{\"@context\":\"https:\/\/schema.org\",\"@graph\":[{\"@type\":\"ProfilePage\",\"@id\":\"https:\/\/www.afges.org\/en\/author\/t-schubnel\/\",\"url\":\"https:\/\/www.afges.org\/en\/author\/t-schubnel\/\",\"name\":\"Thomas RODENSTEIN-SCHUBNEL, auteur\/autrice sur AFGES\",\"isPartOf\":{\"@id\":\"https:\/\/www.afges.org\/#website\"},\"breadcrumb\":{\"@id\":\"https:\/\/www.afges.org\/en\/author\/t-schubnel\/#breadcrumb\"},\"inLanguage\":\"en-US\",\"potentialAction\":[{\"@type\":\"ReadAction\",\"target\":[\"https:\/\/www.afges.org\/en\/author\/t-schubnel\/\"]}]},{\"@type\":\"BreadcrumbList\",\"@id\":\"https:\/\/www.afges.org\/en\/author\/t-schubnel\/#breadcrumb\",\"itemListElement\":[{\"@type\":\"ListItem\",\"position\":1,\"name\":\"Accueil\",\"item\":\"https:\/\/www.afges.org\/\"},{\"@type\":\"ListItem\",\"position\":2,\"name\":\"Archives pour Thomas RODENSTEIN-SCHUBNEL\"}]},{\"@type\":\"WebSite\",\"@id\":\"https:\/\/www.afges.org\/#website\",\"url\":\"https:\/\/www.afges.org\/\",\"name\":\"AFGES, les \u00c9tudiant-e-s d\u2019Alsace\",\"description\":\"Les \u00c9tudiant-e-s d\u2019Alsace\",\"publisher\":{\"@id\":\"https:\/\/www.afges.org\/#organization\"},\"potentialAction\":[{\"@type\":\"SearchAction\",\"target\":{\"@type\":\"EntryPoint\",\"urlTemplate\":\"https:\/\/www.afges.org\/?s={search_term_string}\"},\"query-input\":{\"@type\":\"PropertyValueSpecification\",\"valueRequired\":true,\"valueName\":\"search_term_string\"}}],\"inLanguage\":\"en-US\"},{\"@type\":\"Organization\",\"@id\":\"https:\/\/www.afges.org\/#organization\",\"name\":\"AFGES, les \u00c9tudiant-e-s d\u2019Alsace\",\"url\":\"https:\/\/www.afges.org\/\",\"logo\":{\"@type\":\"ImageObject\",\"inLanguage\":\"en-US\",\"@id\":\"https:\/\/www.afges.org\/#\/schema\/logo\/image\/\",\"url\":\"\/wp-content\/uploads\/2025\/08\/Logo-AFGES-Orange-scaled.png\",\"contentUrl\":\"\/wp-content\/uploads\/2025\/08\/Logo-AFGES-Orange-scaled.png\",\"width\":2302,\"height\":2560,\"caption\":\"AFGES, les \u00c9tudiant-e-s d\u2019Alsace\"},\"image\":{\"@id\":\"https:\/\/www.afges.org\/#\/schema\/logo\/image\/\"},\"sameAs\":[\"https:\/\/www.facebook.com\/AFGES\",\"https:\/\/x.com\/AFGES\"]},{\"@type\":\"Person\",\"@id\":\"https:\/\/www.afges.org\/#\/schema\/person\/c9cc1b4e7d38c89695ff7c584467410d\",\"name\":\"Thomas RODENSTEIN-SCHUBNEL\",\"description\":\"Charg\u00e9 de Mission AGORA\u00e9 (salari\u00e9) de l'AFGES\",\"sameAs\":[\"https:\/\/afges.org\/agorae\/\",\"https:\/\/www.facebook.com\/agorae.strasbourg\",\"https:\/\/www.instagram.com\/agorae_strasbg\/\",\"https:\/\/x.com\/https:\/\/x.com\/Agorae_Strasbg\"],\"mainEntityOfPage\":{\"@id\":\"https:\/\/www.afges.org\/en\/author\/t-schubnel\/\"}}]}<\/script>\n<!-- \/ Yoast SEO plugin. -->","yoast_head_json":{"title":"Thomas RODENSTEIN-SCHUBNEL, auteur\/autrice sur AFGES","robots":{"index":"index","follow":"follow","max-snippet":"max-snippet:-1","max-image-preview":"max-image-preview:large","max-video-preview":"max-video-preview:-1"},"canonical":"https:\/\/www.afges.org\/en\/author\/t-schubnel\/","og_locale":"en_US","og_type":"profile","og_title":"Thomas RODENSTEIN-SCHUBNEL, auteur\/autrice sur AFGES","og_url":"https:\/\/www.afges.org\/en\/author\/t-schubnel\/","og_site_name":"AFGES","og_image":[{"width":240,"height":240,"url":"https:\/\/interne.afges.org\/wp-content\/uploads\/2023\/10\/unnamed.jpg","type":"image\/jpeg"}],"twitter_card":"summary_large_image","twitter_site":"@AFGES","schema":{"@context":"https:\/\/schema.org","@graph":[{"@type":"ProfilePage","@id":"https:\/\/www.afges.org\/en\/author\/t-schubnel\/","url":"https:\/\/www.afges.org\/en\/author\/t-schubnel\/","name":"Thomas RODENSTEIN-SCHUBNEL, auteur\/autrice sur AFGES","isPartOf":{"@id":"https:\/\/www.afges.org\/#website"},"breadcrumb":{"@id":"https:\/\/www.afges.org\/en\/author\/t-schubnel\/#breadcrumb"},"inLanguage":"en-US","potentialAction":[{"@type":"ReadAction","target":["https:\/\/www.afges.org\/en\/author\/t-schubnel\/"]}]},{"@type":"BreadcrumbList","@id":"https:\/\/www.afges.org\/en\/author\/t-schubnel\/#breadcrumb","itemListElement":[{"@type":"ListItem","position":1,"name":"Accueil","item":"https:\/\/www.afges.org\/"},{"@type":"ListItem","position":2,"name":"Archives pour Thomas RODENSTEIN-SCHUBNEL"}]},{"@type":"WebSite","@id":"https:\/\/www.afges.org\/#website","url":"https:\/\/www.afges.org\/","name":"AFGES, les \u00c9tudiant-e-s d\u2019Alsace","description":"Les \u00c9tudiant-e-s d\u2019Alsace","publisher":{"@id":"https:\/\/www.afges.org\/#organization"},"potentialAction":[{"@type":"SearchAction","target":{"@type":"EntryPoint","urlTemplate":"https:\/\/www.afges.org\/?s={search_term_string}"},"query-input":{"@type":"PropertyValueSpecification","valueRequired":true,"valueName":"search_term_string"}}],"inLanguage":"en-US"},{"@type":"Organization","@id":"https:\/\/www.afges.org\/#organization","name":"AFGES, les \u00c9tudiant-e-s d\u2019Alsace","url":"https:\/\/www.afges.org\/","logo":{"@type":"ImageObject","inLanguage":"en-US","@id":"https:\/\/www.afges.org\/#\/schema\/logo\/image\/","url":"\/wp-content\/uploads\/2025\/08\/Logo-AFGES-Orange-scaled.png","contentUrl":"\/wp-content\/uploads\/2025\/08\/Logo-AFGES-Orange-scaled.png","width":2302,"height":2560,"caption":"AFGES, les \u00c9tudiant-e-s d\u2019Alsace"},"image":{"@id":"https:\/\/www.afges.org\/#\/schema\/logo\/image\/"},"sameAs":["https:\/\/www.facebook.com\/AFGES","https:\/\/x.com\/AFGES"]},{"@type":"Person","@id":"https:\/\/www.afges.org\/#\/schema\/person\/c9cc1b4e7d38c89695ff7c584467410d","name":"Thomas RODENSTEIN-SCHUBNEL","description":"Charg\u00e9 de Mission AGORA\u00e9 (salari\u00e9) de l'AFGES","sameAs":["https:\/\/afges.org\/agorae\/","https:\/\/www.facebook.com\/agorae.strasbourg","https:\/\/www.instagram.com\/agorae_strasbg\/","https:\/\/x.com\/https:\/\/x.com\/Agorae_Strasbg"],"mainEntityOfPage":{"@id":"https:\/\/www.afges.org\/en\/author\/t-schubnel\/"}}]}},"mpp_avatar":{"24":"\/wp-content\/uploads\/2023\/10\/unnamed.jpg","48":"\/wp-content\/uploads\/2023\/10\/unnamed.jpg","96":"\/wp-content\/uploads\/2023\/10\/unnamed.jpg","150":"\/wp-content\/uploads\/2023\/10\/unnamed.jpg","300":"\/wp-content\/uploads\/2023\/10\/unnamed.jpg","full":"\/wp-content\/uploads\/2023\/10\/unnamed.jpg"},"elementor_introduction":{"ai-get-started-announcement":true,"exit_to":true,"e-editor-one-notice-pointer":true},"_links":{"self":[{"href":"https:\/\/interne.afges.org\/en\/wp-json\/wp\/v2\/users\/4","targetHints":{"allow":["GET"]}}],"collection":[{"href":"https:\/\/interne.afges.org\/en\/wp-json\/wp\/v2\/users"}]}}