{"id":987,"date":"2024-08-29T12:17:19","date_gmt":"2024-08-29T10:17:19","guid":{"rendered":"https:\/\/afges.org\/?p=987"},"modified":"2024-08-29T18:27:55","modified_gmt":"2024-08-29T16:27:55","slug":"etudiants-precaires-et-transport-un-soutien-toujours-insuffisant-a-strasbourg","status":"publish","type":"post","link":"https:\/\/interne.afges.org\/en\/etudiants-precaires-et-transport-un-soutien-toujours-insuffisant-a-strasbourg\/","title":{"rendered":"\u00c9tudiants pr\u00e9caires et transport : un soutien toujours insuffisant \u00e0 Strasbourg"},"content":{"rendered":"<div data-elementor-type=\"wp-post\" data-elementor-id=\"987\" class=\"elementor elementor-987\">\n\t\t\t\t<div class=\"elementor-element elementor-element-4c60da67 e-flex e-con-boxed e-con e-parent\" data-id=\"4c60da67\" data-element_type=\"container\" data-e-type=\"container\">\n\t\t\t\t\t<div class=\"e-con-inner\">\n\t\t\t\t<div class=\"elementor-element elementor-element-48ac97b elementor-widget elementor-widget-heading\" data-id=\"48ac97b\" data-element_type=\"widget\" data-e-type=\"widget\" data-widget_type=\"heading.default\">\n\t\t\t\t<div class=\"elementor-widget-container\">\n\t\t\t\t\t<h5 class=\"elementor-heading-title elementor-size-default\">Nous appelons l\u2019Eurom\u00e9tropole \u00e0 inclure l'ensemble des \u00e9tudiants boursiers dans les r\u00e9ductions V\u00e9lhop et \u00e0 \u00e9largir la gratuit\u00e9 des transports du r\u00e9seau CTS \u00e0 minima pour ce m\u00eame public.<\/h5>\t\t\t\t<\/div>\n\t\t\t\t<\/div>\n\t\t\t\t<div class=\"elementor-element elementor-element-d97556f elementor-widget elementor-widget-text-editor\" data-id=\"d97556f\" data-element_type=\"widget\" data-e-type=\"widget\" data-widget_type=\"text-editor.default\">\n\t\t\t\t<div class=\"elementor-widget-container\">\n\t\t\t\t\t\t\t\t\t<p>La rentr\u00e9e universitaire s\u2019accompagne de nombreux frais pour beaucoup d\u2019\u00e9tudiants. Si le syst\u00e8me de bourse donne l\u2019opportunit\u00e9 \u00e0 certains \u00e9tudiants de pouvoir \u00e9voluer dans de meilleures conditions, <strong>il ne permet cependant pas toujours de les sortir de leur situation de pr\u00e9carit\u00e9<\/strong>, et n\u00e9cessite, dans l\u2019attente de sa r\u00e9forme, des mesures compl\u00e9mentaires en soutien sur les d\u00e9penses de la vie courante.<\/p>\n<p>Malheureusement, malgr\u00e9 les initiatives annonc\u00e9es par l\u2019Eurom\u00e9tropole de Strasbourg pour cette rentr\u00e9e, force est de constater que <strong>les \u00e9tudiants sont insuffisamment pris en compte<\/strong>, particuli\u00e8rement sur la question des transports.<\/p>\n<p>Alors que le tarif r\u00e9duit pour les abonnements V\u00e9lhop fait son retour, aupr\u00e8s des \u00e9tudiants boursiers des \u00e9chelons 3 \u00e0 7, ainsi qu\u2019\u00e0 ceux non boursiers b\u00e9n\u00e9ficiant des repas \u00e0 1\u20ac. <strong>Toutefois, nous ne pouvons que faire part de notre incompr\u00e9hension face \u00e0 l\u2019exclusion des \u00e9tudiants boursiers des \u00e9chelons inf\u00e9rieurs \u00e0 3 <\/strong>qui, malgr\u00e9 leur statut pr\u00e9caire, sont laiss\u00e9s de c\u00f4t\u00e9 dans cette mesure de soutien.<\/p>\n<p>Par ailleurs, les conditions d\u2019acc\u00e8s de la gratuit\u00e9 des transports du r\u00e9seau CTS aux mineurs a \u00e9t\u00e9 \u00e9largie, mais <strong>les \u00e9tudiants, y compris les boursiers, continuent d&rsquo;\u00eatre exclus<\/strong> de cet avantage. Cette omission est d&rsquo;autant plus regrettable qu&rsquo;elle laisse de c\u00f4t\u00e9 une population particuli\u00e8rement vuln\u00e9rable.<\/p>\n<p>L\u2019AFGES appelle ainsi l\u2019Eurom\u00e9tropole \u00e0 <strong>\u00e9tendre l&rsquo;\u00e9ligibilit\u00e9 des r\u00e9ductions V\u00e9lhop \u00e0 l&rsquo;ensemble des \u00e9tudiants b\u00e9n\u00e9ficiaires d&rsquo;une bourse<\/strong>, quel que soit leur \u00e9chelon, et \u00e0 <strong>\u00e9largir la gratuit\u00e9 des transports du r\u00e9seau CTS<\/strong>, \u00e0 minima aux \u00e9tudiants boursiers.<\/p>\t\t\t\t\t\t\t\t<\/div>\n\t\t\t\t<\/div>\n\t\t\t\t<div class=\"elementor-element elementor-element-f6e1f95 elementor-widget-divider--view-line elementor-widget elementor-widget-divider\" data-id=\"f6e1f95\" data-element_type=\"widget\" data-e-type=\"widget\" data-widget_type=\"divider.default\">\n\t\t\t\t<div class=\"elementor-widget-container\">\n\t\t\t\t\t\t\t<div class=\"elementor-divider\">\n\t\t\t<span class=\"elementor-divider-separator\">\n\t\t\t\t\t\t<\/span>\n\t\t<\/div>\n\t\t\t\t\t\t<\/div>\n\t\t\t\t<\/div>\n\t\t<div class=\"elementor-element elementor-element-1b73507 e-con-full e-flex e-con e-child\" data-id=\"1b73507\" data-element_type=\"container\" data-e-type=\"container\">\n\t\t\t\t<div class=\"elementor-element elementor-element-e9a7a83 elementor-widget elementor-widget-text-editor\" data-id=\"e9a7a83\" data-element_type=\"widget\" data-e-type=\"widget\" data-widget_type=\"text-editor.default\">\n\t\t\t\t<div class=\"elementor-widget-container\">\n\t\t\t\t\t\t\t\t\t<p><strong>Chlo\u00e9 HEYD<\/strong><\/p>\n<p>President<\/p>\n<p>presidente@afges.org<\/p>\t\t\t\t\t\t\t\t<\/div>\n\t\t\t\t<\/div>\n\t\t\t\t<div class=\"elementor-element elementor-element-70737ec elementor-widget elementor-widget-text-editor\" data-id=\"70737ec\" data-element_type=\"widget\" data-e-type=\"widget\" data-widget_type=\"text-editor.default\">\n\t\t\t\t<div class=\"elementor-widget-container\">\n\t\t\t\t\t\t\t\t\t<p><strong>J\u00e9r\u00e9my DARENNE<\/strong><\/p>\n<p>Premier Vice-Pr\u00e9sident<\/p>\n<p>presse@afges.org<\/p>\n<p>06.36.14.72.13<\/p>\t\t\t\t\t\t\t\t<\/div>\n\t\t\t\t<\/div>\n\t\t\t\t<\/div>\n\t\t\t\t<div class=\"elementor-element elementor-element-1394875 elementor-widget elementor-widget-text-editor\" data-id=\"1394875\" data-element_type=\"widget\" data-e-type=\"widget\" data-widget_type=\"text-editor.default\">\n\t\t\t\t<div class=\"elementor-widget-container\">\n\t\t\t\t\t\t\t\t\t<p>29 Ao\u00fbt 2024<\/p>\t\t\t\t\t\t\t\t<\/div>\n\t\t\t\t<\/div>\n\t\t<div class=\"elementor-element elementor-element-16c9f88 e-con-full e-flex e-con e-child\" data-id=\"16c9f88\" data-element_type=\"container\" data-e-type=\"container\">\n\t\t\t\t<div class=\"elementor-element elementor-element-e5ab31e elementor-view-default elementor-widget elementor-widget-icon\" data-id=\"e5ab31e\" data-element_type=\"widget\" data-e-type=\"widget\" data-widget_type=\"icon.default\">\n\t\t\t\t<div class=\"elementor-widget-container\">\n\t\t\t\t\t\t\t<div class=\"elementor-icon-wrapper\">\n\t\t\t<a class=\"elementor-icon\" href=\"https:\/\/afges.org\/wp-content\/uploads\/2024\/08\/Communique-de-presse.pdf\">\n\t\t\t<svg aria-hidden=\"true\" class=\"e-font-icon-svg e-fas-file-download\" viewbox=\"0 0 384 512\" xmlns=\"http:\/\/www.w3.org\/2000\/svg\"><path d=\"M224 136V0H24C10.7 0 0 10.7 0 24v464c0 13.3 10.7 24 24 24h336c13.3 0 24-10.7 24-24V160H248c-13.2 0-24-10.8-24-24zm76.45 211.36l-96.42 95.7c-6.65 6.61-17.39 6.61-24.04 0l-96.42-95.7C73.42 337.29 80.54 320 94.82 320H160v-80c0-8.84 7.16-16 16-16h32c8.84 0 16 7.16 16 16v80h65.18c14.28 0 21.4 17.29 11.27 27.36zM377 105L279.1 7c-4.5-4.5-10.6-7-17-7H256v128h128v-6.1c0-6.3-2.5-12.4-7-16.9z\"><\/path><\/svg>\t\t\t<\/a>\n\t\t<\/div>\n\t\t\t\t\t\t<\/div>\n\t\t\t\t<\/div>\n\t\t\t\t<div class=\"elementor-element elementor-element-6a3300e elementor-view-default elementor-widget elementor-widget-icon\" data-id=\"6a3300e\" data-element_type=\"widget\" data-e-type=\"widget\" data-widget_type=\"icon.default\">\n\t\t\t\t<div class=\"elementor-widget-container\">\n\t\t\t\t\t\t\t<div class=\"elementor-icon-wrapper\">\n\t\t\t<a class=\"elementor-icon\" href=\"https:\/\/x.com\/AFGES\/status\/1829098784149651953\">\n\t\t\t<svg aria-hidden=\"true\" class=\"e-font-icon-svg e-fab-x-twitter\" viewbox=\"0 0 512 512\" xmlns=\"http:\/\/www.w3.org\/2000\/svg\"><path d=\"M389.2 48h70.6L305.6 224.2 487 464H345L233.7 318.6 106.5 464H35.8L200.7 275.5 26.8 48H172.4L272.9 180.9 389.2 48zM364.4 421.8h39.1L151.1 88h-42L364.4 421.8z\"><\/path><\/svg>\t\t\t<\/a>\n\t\t<\/div>\n\t\t\t\t\t\t<\/div>\n\t\t\t\t<\/div>\n\t\t\t\t<\/div>\n\t\t\t\t\t<\/div>\n\t\t\t\t<\/div>\n\t\t\t\t<\/div>","protected":false},"excerpt":{"rendered":"<p>Nous appelons l\u2019Eurom\u00e9tropole \u00e0 inclure l&rsquo;ensemble des \u00e9tudiants boursiers dans les r\u00e9ductions V\u00e9lhop et \u00e0 \u00e9largir la gratuit\u00e9 des transports du r\u00e9seau CTS \u00e0 minima pour ce m\u00eame public. La rentr\u00e9e universitaire s\u2019accompagne de nombreux frais pour beaucoup d\u2019\u00e9tudiants. Si le syst\u00e8me de bourse donne l\u2019opportunit\u00e9 \u00e0 certains \u00e9tudiants de pouvoir \u00e9voluer dans de meilleures [&hellip;]<\/p>\n","protected":false},"author":1,"featured_media":0,"comment_status":"closed","ping_status":"closed","sticky":false,"template":"","format":"standard","meta":{"footnotes":""},"categories":[6],"tags":[],"class_list":["post-987","post","type-post","status-publish","format-standard","hentry","category-as"],"blocksy_meta":[],"yoast_head":"<!-- This site is optimized with the Yoast SEO plugin v27.2 - https:\/\/yoast.com\/product\/yoast-seo-wordpress\/ -->\n<title>\u00c9tudiants pr\u00e9caires et transport : un soutien toujours insuffisant \u00e0 Strasbourg - AFGES<\/title>\n<meta name=\"robots\" content=\"index, follow, max-snippet:-1, max-image-preview:large, max-video-preview:-1\" \/>\n<link rel=\"canonical\" href=\"https:\/\/interne.afges.org\/en\/etudiants-precaires-et-transport-un-soutien-toujours-insuffisant-a-strasbourg\/\" \/>\n<meta property=\"og:locale\" content=\"en_US\" \/>\n<meta property=\"og:type\" content=\"article\" \/>\n<meta property=\"og:title\" content=\"\u00c9tudiants pr\u00e9caires et transport : un soutien toujours insuffisant \u00e0 Strasbourg - AFGES\" \/>\n<meta property=\"og:description\" content=\"Nous appelons l\u2019Eurom\u00e9tropole \u00e0 inclure l&rsquo;ensemble des \u00e9tudiants boursiers dans les r\u00e9ductions V\u00e9lhop et \u00e0 \u00e9largir la gratuit\u00e9 des transports du r\u00e9seau CTS \u00e0 minima pour ce m\u00eame public. La rentr\u00e9e universitaire s\u2019accompagne de nombreux frais pour beaucoup d\u2019\u00e9tudiants. Si le syst\u00e8me de bourse donne l\u2019opportunit\u00e9 \u00e0 certains \u00e9tudiants de pouvoir \u00e9voluer dans de meilleures [&hellip;]\" \/>\n<meta property=\"og:url\" content=\"https:\/\/interne.afges.org\/en\/etudiants-precaires-et-transport-un-soutien-toujours-insuffisant-a-strasbourg\/\" \/>\n<meta property=\"og:site_name\" content=\"AFGES\" \/>\n<meta property=\"article:publisher\" content=\"https:\/\/www.facebook.com\/AFGES\" \/>\n<meta property=\"article:published_time\" content=\"2024-08-29T10:17:19+00:00\" \/>\n<meta property=\"article:modified_time\" content=\"2024-08-29T16:27:55+00:00\" \/>\n<meta name=\"author\" content=\"AFGES\" \/>\n<meta name=\"twitter:card\" content=\"summary_large_image\" \/>\n<meta name=\"twitter:creator\" content=\"@AFGES\" \/>\n<meta name=\"twitter:site\" content=\"@AFGES\" \/>\n<meta name=\"twitter:label1\" content=\"Written by\" \/>\n\t<meta name=\"twitter:data1\" content=\"AFGES\" \/>\n\t<meta name=\"twitter:label2\" content=\"Est. reading time\" \/>\n\t<meta name=\"twitter:data2\" content=\"2 minutes\" \/>\n<script type=\"application\/ld+json\" class=\"yoast-schema-graph\">{\"@context\":\"https:\/\/schema.org\",\"@graph\":[{\"@type\":\"Article\",\"@id\":\"https:\/\/interne.afges.org\/en\/etudiants-precaires-et-transport-un-soutien-toujours-insuffisant-a-strasbourg\/#article\",\"isPartOf\":{\"@id\":\"https:\/\/interne.afges.org\/en\/etudiants-precaires-et-transport-un-soutien-toujours-insuffisant-a-strasbourg\/\"},\"author\":{\"name\":\"AFGES\",\"@id\":\"https:\/\/www.afges.org\/#\/schema\/person\/c7715983ea2a112d0bb3fdaba2346605\"},\"headline\":\"\u00c9tudiants pr\u00e9caires et transport : un soutien toujours insuffisant \u00e0 Strasbourg\",\"datePublished\":\"2024-08-29T10:17:19+00:00\",\"dateModified\":\"2024-08-29T16:27:55+00:00\",\"mainEntityOfPage\":{\"@id\":\"https:\/\/interne.afges.org\/en\/etudiants-precaires-et-transport-un-soutien-toujours-insuffisant-a-strasbourg\/\"},\"wordCount\":334,\"publisher\":{\"@id\":\"https:\/\/www.afges.org\/#organization\"},\"articleSection\":[\"Affaires Sociales\"],\"inLanguage\":\"en-US\"},{\"@type\":\"WebPage\",\"@id\":\"https:\/\/interne.afges.org\/en\/etudiants-precaires-et-transport-un-soutien-toujours-insuffisant-a-strasbourg\/\",\"url\":\"https:\/\/interne.afges.org\/en\/etudiants-precaires-et-transport-un-soutien-toujours-insuffisant-a-strasbourg\/\",\"name\":\"\u00c9tudiants pr\u00e9caires et transport : un soutien toujours insuffisant \u00e0 Strasbourg - AFGES\",\"isPartOf\":{\"@id\":\"https:\/\/www.afges.org\/#website\"},\"datePublished\":\"2024-08-29T10:17:19+00:00\",\"dateModified\":\"2024-08-29T16:27:55+00:00\",\"breadcrumb\":{\"@id\":\"https:\/\/interne.afges.org\/en\/etudiants-precaires-et-transport-un-soutien-toujours-insuffisant-a-strasbourg\/#breadcrumb\"},\"inLanguage\":\"en-US\",\"potentialAction\":[{\"@type\":\"ReadAction\",\"target\":[\"https:\/\/interne.afges.org\/en\/etudiants-precaires-et-transport-un-soutien-toujours-insuffisant-a-strasbourg\/\"]}]},{\"@type\":\"BreadcrumbList\",\"@id\":\"https:\/\/interne.afges.org\/en\/etudiants-precaires-et-transport-un-soutien-toujours-insuffisant-a-strasbourg\/#breadcrumb\",\"itemListElement\":[{\"@type\":\"ListItem\",\"position\":1,\"name\":\"Accueil\",\"item\":\"https:\/\/www.afges.org\/\"},{\"@type\":\"ListItem\",\"position\":2,\"name\":\"\u00c9tudiants pr\u00e9caires et transport : un soutien toujours insuffisant \u00e0 Strasbourg\"}]},{\"@type\":\"WebSite\",\"@id\":\"https:\/\/www.afges.org\/#website\",\"url\":\"https:\/\/www.afges.org\/\",\"name\":\"AFGES, les \u00c9tudiant-e-s d\u2019Alsace\",\"description\":\"Les \u00c9tudiant-e-s d\u2019Alsace\",\"publisher\":{\"@id\":\"https:\/\/www.afges.org\/#organization\"},\"potentialAction\":[{\"@type\":\"SearchAction\",\"target\":{\"@type\":\"EntryPoint\",\"urlTemplate\":\"https:\/\/www.afges.org\/?s={search_term_string}\"},\"query-input\":{\"@type\":\"PropertyValueSpecification\",\"valueRequired\":true,\"valueName\":\"search_term_string\"}}],\"inLanguage\":\"en-US\"},{\"@type\":\"Organization\",\"@id\":\"https:\/\/www.afges.org\/#organization\",\"name\":\"AFGES, les \u00c9tudiant-e-s d\u2019Alsace\",\"url\":\"https:\/\/www.afges.org\/\",\"logo\":{\"@type\":\"ImageObject\",\"inLanguage\":\"en-US\",\"@id\":\"https:\/\/www.afges.org\/#\/schema\/logo\/image\/\",\"url\":\"\/wp-content\/uploads\/2025\/08\/Logo-AFGES-Orange-scaled.png\",\"contentUrl\":\"\/wp-content\/uploads\/2025\/08\/Logo-AFGES-Orange-scaled.png\",\"width\":2302,\"height\":2560,\"caption\":\"AFGES, les \u00c9tudiant-e-s d\u2019Alsace\"},\"image\":{\"@id\":\"https:\/\/www.afges.org\/#\/schema\/logo\/image\/\"},\"sameAs\":[\"https:\/\/www.facebook.com\/AFGES\",\"https:\/\/x.com\/AFGES\"]},{\"@type\":\"Person\",\"@id\":\"https:\/\/www.afges.org\/#\/schema\/person\/c7715983ea2a112d0bb3fdaba2346605\",\"name\":\"AFGES\",\"description\":\"Administrateur Syst\u00e8me de l'AFGES \/ webmaster@afges.org\",\"sameAs\":[\"https:\/\/afges.org\"],\"url\":\"https:\/\/interne.afges.org\/en\/author\/numerique\/\"}]}<\/script>\n<!-- \/ Yoast SEO plugin. -->","yoast_head_json":{"title":"\u00c9tudiants pr\u00e9caires et transport : un soutien toujours insuffisant \u00e0 Strasbourg - AFGES","robots":{"index":"index","follow":"follow","max-snippet":"max-snippet:-1","max-image-preview":"max-image-preview:large","max-video-preview":"max-video-preview:-1"},"canonical":"https:\/\/interne.afges.org\/en\/etudiants-precaires-et-transport-un-soutien-toujours-insuffisant-a-strasbourg\/","og_locale":"en_US","og_type":"article","og_title":"\u00c9tudiants pr\u00e9caires et transport : un soutien toujours insuffisant \u00e0 Strasbourg - AFGES","og_description":"Nous appelons l\u2019Eurom\u00e9tropole \u00e0 inclure l&rsquo;ensemble des \u00e9tudiants boursiers dans les r\u00e9ductions V\u00e9lhop et \u00e0 \u00e9largir la gratuit\u00e9 des transports du r\u00e9seau CTS \u00e0 minima pour ce m\u00eame public. La rentr\u00e9e universitaire s\u2019accompagne de nombreux frais pour beaucoup d\u2019\u00e9tudiants. Si le syst\u00e8me de bourse donne l\u2019opportunit\u00e9 \u00e0 certains \u00e9tudiants de pouvoir \u00e9voluer dans de meilleures [&hellip;]","og_url":"https:\/\/interne.afges.org\/en\/etudiants-precaires-et-transport-un-soutien-toujours-insuffisant-a-strasbourg\/","og_site_name":"AFGES","article_publisher":"https:\/\/www.facebook.com\/AFGES","article_published_time":"2024-08-29T10:17:19+00:00","article_modified_time":"2024-08-29T16:27:55+00:00","author":"AFGES","twitter_card":"summary_large_image","twitter_creator":"@AFGES","twitter_site":"@AFGES","twitter_misc":{"Written by":"AFGES","Est. reading time":"2 minutes"},"schema":{"@context":"https:\/\/schema.org","@graph":[{"@type":"Article","@id":"https:\/\/interne.afges.org\/en\/etudiants-precaires-et-transport-un-soutien-toujours-insuffisant-a-strasbourg\/#article","isPartOf":{"@id":"https:\/\/interne.afges.org\/en\/etudiants-precaires-et-transport-un-soutien-toujours-insuffisant-a-strasbourg\/"},"author":{"name":"AFGES","@id":"https:\/\/www.afges.org\/#\/schema\/person\/c7715983ea2a112d0bb3fdaba2346605"},"headline":"\u00c9tudiants pr\u00e9caires et transport : un soutien toujours insuffisant \u00e0 Strasbourg","datePublished":"2024-08-29T10:17:19+00:00","dateModified":"2024-08-29T16:27:55+00:00","mainEntityOfPage":{"@id":"https:\/\/interne.afges.org\/en\/etudiants-precaires-et-transport-un-soutien-toujours-insuffisant-a-strasbourg\/"},"wordCount":334,"publisher":{"@id":"https:\/\/www.afges.org\/#organization"},"articleSection":["Affaires Sociales"],"inLanguage":"en-US"},{"@type":"WebPage","@id":"https:\/\/interne.afges.org\/en\/etudiants-precaires-et-transport-un-soutien-toujours-insuffisant-a-strasbourg\/","url":"https:\/\/interne.afges.org\/en\/etudiants-precaires-et-transport-un-soutien-toujours-insuffisant-a-strasbourg\/","name":"\u00c9tudiants pr\u00e9caires et transport : un soutien toujours insuffisant \u00e0 Strasbourg - AFGES","isPartOf":{"@id":"https:\/\/www.afges.org\/#website"},"datePublished":"2024-08-29T10:17:19+00:00","dateModified":"2024-08-29T16:27:55+00:00","breadcrumb":{"@id":"https:\/\/interne.afges.org\/en\/etudiants-precaires-et-transport-un-soutien-toujours-insuffisant-a-strasbourg\/#breadcrumb"},"inLanguage":"en-US","potentialAction":[{"@type":"ReadAction","target":["https:\/\/interne.afges.org\/en\/etudiants-precaires-et-transport-un-soutien-toujours-insuffisant-a-strasbourg\/"]}]},{"@type":"BreadcrumbList","@id":"https:\/\/interne.afges.org\/en\/etudiants-precaires-et-transport-un-soutien-toujours-insuffisant-a-strasbourg\/#breadcrumb","itemListElement":[{"@type":"ListItem","position":1,"name":"Accueil","item":"https:\/\/www.afges.org\/"},{"@type":"ListItem","position":2,"name":"\u00c9tudiants pr\u00e9caires et transport : un soutien toujours insuffisant \u00e0 Strasbourg"}]},{"@type":"WebSite","@id":"https:\/\/www.afges.org\/#website","url":"https:\/\/www.afges.org\/","name":"AFGES, les \u00c9tudiant-e-s d\u2019Alsace","description":"Les \u00c9tudiant-e-s d\u2019Alsace","publisher":{"@id":"https:\/\/www.afges.org\/#organization"},"potentialAction":[{"@type":"SearchAction","target":{"@type":"EntryPoint","urlTemplate":"https:\/\/www.afges.org\/?s={search_term_string}"},"query-input":{"@type":"PropertyValueSpecification","valueRequired":true,"valueName":"search_term_string"}}],"inLanguage":"en-US"},{"@type":"Organization","@id":"https:\/\/www.afges.org\/#organization","name":"AFGES, les \u00c9tudiant-e-s d\u2019Alsace","url":"https:\/\/www.afges.org\/","logo":{"@type":"ImageObject","inLanguage":"en-US","@id":"https:\/\/www.afges.org\/#\/schema\/logo\/image\/","url":"\/wp-content\/uploads\/2025\/08\/Logo-AFGES-Orange-scaled.png","contentUrl":"\/wp-content\/uploads\/2025\/08\/Logo-AFGES-Orange-scaled.png","width":2302,"height":2560,"caption":"AFGES, les \u00c9tudiant-e-s d\u2019Alsace"},"image":{"@id":"https:\/\/www.afges.org\/#\/schema\/logo\/image\/"},"sameAs":["https:\/\/www.facebook.com\/AFGES","https:\/\/x.com\/AFGES"]},{"@type":"Person","@id":"https:\/\/www.afges.org\/#\/schema\/person\/c7715983ea2a112d0bb3fdaba2346605","name":"AFGES","description":"Administrateur Syst\u00e8me de l'AFGES \/ webmaster@afges.org","sameAs":["https:\/\/afges.org"],"url":"https:\/\/interne.afges.org\/en\/author\/numerique\/"}]}},"_links":{"self":[{"href":"https:\/\/interne.afges.org\/en\/wp-json\/wp\/v2\/posts\/987","targetHints":{"allow":["GET"]}}],"collection":[{"href":"https:\/\/interne.afges.org\/en\/wp-json\/wp\/v2\/posts"}],"about":[{"href":"https:\/\/interne.afges.org\/en\/wp-json\/wp\/v2\/types\/post"}],"author":[{"embeddable":true,"href":"https:\/\/interne.afges.org\/en\/wp-json\/wp\/v2\/users\/1"}],"replies":[{"embeddable":true,"href":"https:\/\/interne.afges.org\/en\/wp-json\/wp\/v2\/comments?post=987"}],"version-history":[{"count":4,"href":"https:\/\/interne.afges.org\/en\/wp-json\/wp\/v2\/posts\/987\/revisions"}],"predecessor-version":[{"id":993,"href":"https:\/\/interne.afges.org\/en\/wp-json\/wp\/v2\/posts\/987\/revisions\/993"}],"wp:attachment":[{"href":"https:\/\/interne.afges.org\/en\/wp-json\/wp\/v2\/media?parent=987"}],"wp:term":[{"taxonomy":"category","embeddable":true,"href":"https:\/\/interne.afges.org\/en\/wp-json\/wp\/v2\/categories?post=987"},{"taxonomy":"post_tag","embeddable":true,"href":"https:\/\/interne.afges.org\/en\/wp-json\/wp\/v2\/tags?post=987"}],"curies":[{"name":"wp","href":"https:\/\/api.w.org\/{rel}","templated":true}]}}