{"id":829,"date":"2023-08-16T15:00:00","date_gmt":"2023-08-16T13:00:00","guid":{"rendered":"https:\/\/afges.org\/?p=829"},"modified":"2024-07-23T16:29:31","modified_gmt":"2024-07-23T14:29:31","slug":"cout-de-la-rentree-2023","status":"publish","type":"post","link":"https:\/\/interne.afges.org\/en\/cout-de-la-rentree-2023\/","title":{"rendered":"Co\u00fbt de la rentr\u00e9e 2023"},"content":{"rendered":"<p>Chaque ann\u00e9e des milliers de bacheliers entrent \u00e0 l\u2019universit\u00e9 avec impatience pour d\u00e9couvrir ce nouveau monde. Toutefois, cette impatience est souvent accompagn\u00e9e d\u2019angoisse. Quitter son domicile, parfois la ville dans laquelle on a toujours grandi sont d\u00e9j\u00e0 une source de stress importante mais s\u2019ajoute \u00e0 cela un nombre important d\u2019interrogations sur le co\u00fbt de la vie. Calculer un budget pour un loyer, les courses, le mat\u00e9riel n\u00e9cessaire pour les cours et surtout ne pas oublier des frais invisibles comme une box internet.<\/p>\n\n\n\n<p>La situation actuelle et les aides disponibles permettent-elles aux \u00e9tudiants de profiter des plus belles ann\u00e9es de leur vie sans mettre leur bien-\u00eatre et leur sant\u00e9 en danger ? Pourront-ils se concentrer sur leurs \u00e9tudes ou devront-ils d\u2019abord trouver de quoi vivre ? Pourront-ils rentrer voir leur proche ?<\/p>\n\n\n\n<p>Le gouvernement met de c\u00f4t\u00e9 ces angoisses l\u00e9gitimes sous pr\u00e9texte qu\u2019ils sont \u00e9tudiants. Est-ce normal qu\u2019un \u00e9tudiant vive sous le seuil de pauvret\u00e9 alors qu\u2019il \u00e9tudie ? Les chiffres ne mentent pas. Aujourd\u2019hui un \u00e9tudiant en premi\u00e8re ann\u00e9e de licence d\u00e9cohabitant et non boursier devra d\u00e9penser 2396\u20ac le premier mois de sa vie \u00e9tudiante.<\/p>\n\n\n\n<p>L\u2019AFGES fait ce constat depuis plusieurs ann\u00e9es sans action concr\u00e8te des instances de l\u2019Enseignement Sup\u00e9rieur et de la Recherche. Les \u00e9tudiants subissent l\u2019inflation mais ne re\u00e7oivent pas d\u2019aide suffisante pour subvenir \u00e0 leurs besoins. Ils n\u2019ont pas tous le soutien financier de leurs parents ou de leur tuteur ou tutrice. Ce constat renforce les in\u00e9galit\u00e9s entre les \u00e9tudiants et met en p\u00e9ril la sant\u00e9 physique et psychique de la population \u00e9tudiante.<\/p>\n\n\n\n<p>Les pouvoirs publics doivent se saisir de ce constat alarmant pour lutter contre la pr\u00e9carit\u00e9 \u00e9tudiante qui est trop souvent mise de c\u00f4t\u00e9.<br><br>Depuis 18 ans, l\u2019AFGES r\u00e9alise son indicateur du co\u00fbt de la rentr\u00e9e \u00e0 l\u2019approche de la rentr\u00e9e universitaire.<br>Il prend en compte les \u00e9l\u00e9ments sp\u00e9cifiques \u00e0 une rentr\u00e9e, c&rsquo;est-\u00e0-dire, des frais annuels ou unique comme les frais d\u2019inscriptions ou un d\u00e9p\u00f4t de garantie. Il comporte \u00e9galement des frais de la vie courante,<br>soit des d\u00e9penses mensuelles qui vont s\u2019ajouter \u00e0 celles de la rentr\u00e9e.<\/p>\n\n\n\n<p>Cet indicateur pr\u00e9sente deux profils. Le premier s\u2019agit d\u2019un-e \u00e9tudiant-e boursier-\u00e8re en licence \u00e0 l\u2019\u00e9chelon maximal (7\/7), en chambre universitaire et avec un quotient familial \u00e9lev\u00e9. Le deuxi\u00e8me correspond \u00e0 un-e \u00e9tudiant-e non boursier-\u00e8re d\u00e9cohabitant-e. Ce dernier repr\u00e9sente le profil \u00e9tudiant majoritaire dans l\u2019enseignement sup\u00e9rieur.<\/p>\n\n\n\n<div data-wp-interactive=\"core\/file\" class=\"wp-block-file\"><object data-wp-bind--hidden=\"!state.hasPdfPreview\" hidden class=\"wp-block-file__embed\" data=\"\/wp-content\/uploads\/2024\/07\/Cout-de-la-Rentree_2023_AFGES.pdf\" type=\"application\/pdf\" style=\"width:100%;height:600px\" aria-label=\"Embed of Cout de la Rentree 2023 AFGES.\"><\/object><a id=\"wp-block-file--media-f58fb802-59a8-4de7-a170-bb2525e85ed3\" href=\"\/wp-content\/uploads\/2024\/07\/Cout-de-la-Rentree_2023_AFGES.pdf\">Cout de la Rentree 2023 AFGES<\/a><a href=\"\/wp-content\/uploads\/2024\/07\/Cout-de-la-Rentree_2023_AFGES.pdf\" class=\"wp-block-file__button wp-element-button\" download aria-describedby=\"wp-block-file--media-f58fb802-59a8-4de7-a170-bb2525e85ed3\">T\u00e9l\u00e9charger<\/a><\/div>","protected":false},"excerpt":{"rendered":"<p>Depuis 18 ans, l\u2019AFGES r\u00e9alise son indicateur du co\u00fbt de la rentr\u00e9e \u00e0 l\u2019approche de la rentr\u00e9e universitaire.<br \/>\nIl prend en compte les \u00e9l\u00e9ments sp\u00e9cifiques \u00e0 une rentr\u00e9e, c&rsquo;est-\u00e0-dire, des frais annuels ou unique comme les frais d\u2019inscriptions ou un d\u00e9p\u00f4t de garantie. Il comporte \u00e9galement des frais de la vie courante,<br \/>\nsoit des d\u00e9penses mensuelles qui vont s\u2019ajouter \u00e0 celles de la rentr\u00e9e.<\/p>","protected":false},"author":1,"featured_media":0,"comment_status":"closed","ping_status":"closed","sticky":false,"template":"","format":"standard","meta":{"footnotes":""},"categories":[6,1],"tags":[],"class_list":["post-829","post","type-post","status-publish","format-standard","hentry","category-as","category-uncategorized"],"blocksy_meta":[],"yoast_head":"<!-- This site is optimized with the Yoast SEO plugin v27.2 - https:\/\/yoast.com\/product\/yoast-seo-wordpress\/ -->\n<title>Co\u00fbt de la rentr\u00e9e 2023 - AFGES<\/title>\n<meta name=\"robots\" content=\"index, follow, max-snippet:-1, max-image-preview:large, max-video-preview:-1\" \/>\n<link rel=\"canonical\" href=\"https:\/\/afges.org\/en\/cout-de-la-rentree-2023\/\" \/>\n<meta property=\"og:locale\" content=\"en_US\" \/>\n<meta property=\"og:type\" content=\"article\" \/>\n<meta property=\"og:title\" content=\"Co\u00fbt de la rentr\u00e9e 2023 - AFGES\" \/>\n<meta property=\"og:description\" content=\"Depuis 18 ans, l\u2019AFGES r\u00e9alise son indicateur du co\u00fbt de la rentr\u00e9e \u00e0 l\u2019approche de la rentr\u00e9e universitaire. Il prend en compte les \u00e9l\u00e9ments sp\u00e9cifiques \u00e0 une rentr\u00e9e, c&#039;est-\u00e0-dire, des frais annuels ou unique comme les frais d\u2019inscriptions ou un d\u00e9p\u00f4t de garantie. Il comporte \u00e9galement des frais de la vie courante, soit des d\u00e9penses mensuelles qui vont s\u2019ajouter \u00e0 celles de la rentr\u00e9e.\" \/>\n<meta property=\"og:url\" content=\"https:\/\/afges.org\/en\/cout-de-la-rentree-2023\/\" \/>\n<meta property=\"og:site_name\" content=\"AFGES\" \/>\n<meta property=\"article:publisher\" content=\"https:\/\/www.facebook.com\/AFGES\" \/>\n<meta property=\"article:published_time\" content=\"2023-08-16T13:00:00+00:00\" \/>\n<meta property=\"article:modified_time\" content=\"2024-07-23T14:29:31+00:00\" \/>\n<meta name=\"author\" content=\"AFGES\" \/>\n<meta name=\"twitter:card\" content=\"summary_large_image\" \/>\n<meta name=\"twitter:creator\" content=\"@AFGES\" \/>\n<meta name=\"twitter:site\" content=\"@AFGES\" \/>\n<meta name=\"twitter:label1\" content=\"Written by\" \/>\n\t<meta name=\"twitter:data1\" content=\"AFGES\" \/>\n\t<meta name=\"twitter:label2\" content=\"Est. reading time\" \/>\n\t<meta name=\"twitter:data2\" content=\"2 minutes\" \/>\n<script type=\"application\/ld+json\" class=\"yoast-schema-graph\">{\"@context\":\"https:\/\/schema.org\",\"@graph\":[{\"@type\":\"Article\",\"@id\":\"https:\/\/afges.org\/en\/cout-de-la-rentree-2023\/#article\",\"isPartOf\":{\"@id\":\"https:\/\/afges.org\/en\/cout-de-la-rentree-2023\/\"},\"author\":{\"name\":\"AFGES\",\"@id\":\"https:\/\/www.afges.org\/#\/schema\/person\/c7715983ea2a112d0bb3fdaba2346605\"},\"headline\":\"Co\u00fbt de la rentr\u00e9e 2023\",\"datePublished\":\"2023-08-16T13:00:00+00:00\",\"dateModified\":\"2024-07-23T14:29:31+00:00\",\"mainEntityOfPage\":{\"@id\":\"https:\/\/afges.org\/en\/cout-de-la-rentree-2023\/\"},\"wordCount\":454,\"publisher\":{\"@id\":\"https:\/\/www.afges.org\/#organization\"},\"articleSection\":[\"Affaires Sociales\",\"Sans cat\u00e9gorie\"],\"inLanguage\":\"en-US\"},{\"@type\":\"WebPage\",\"@id\":\"https:\/\/afges.org\/en\/cout-de-la-rentree-2023\/\",\"url\":\"https:\/\/afges.org\/en\/cout-de-la-rentree-2023\/\",\"name\":\"Co\u00fbt de la rentr\u00e9e 2023 - AFGES\",\"isPartOf\":{\"@id\":\"https:\/\/www.afges.org\/#website\"},\"datePublished\":\"2023-08-16T13:00:00+00:00\",\"dateModified\":\"2024-07-23T14:29:31+00:00\",\"breadcrumb\":{\"@id\":\"https:\/\/afges.org\/en\/cout-de-la-rentree-2023\/#breadcrumb\"},\"inLanguage\":\"en-US\",\"potentialAction\":[{\"@type\":\"ReadAction\",\"target\":[\"https:\/\/afges.org\/en\/cout-de-la-rentree-2023\/\"]}]},{\"@type\":\"BreadcrumbList\",\"@id\":\"https:\/\/afges.org\/en\/cout-de-la-rentree-2023\/#breadcrumb\",\"itemListElement\":[{\"@type\":\"ListItem\",\"position\":1,\"name\":\"Accueil\",\"item\":\"https:\/\/www.afges.org\/\"},{\"@type\":\"ListItem\",\"position\":2,\"name\":\"Co\u00fbt de la rentr\u00e9e 2023\"}]},{\"@type\":\"WebSite\",\"@id\":\"https:\/\/www.afges.org\/#website\",\"url\":\"https:\/\/www.afges.org\/\",\"name\":\"AFGES, les \u00c9tudiant-e-s d\u2019Alsace\",\"description\":\"Les \u00c9tudiant-e-s d\u2019Alsace\",\"publisher\":{\"@id\":\"https:\/\/www.afges.org\/#organization\"},\"potentialAction\":[{\"@type\":\"SearchAction\",\"target\":{\"@type\":\"EntryPoint\",\"urlTemplate\":\"https:\/\/www.afges.org\/?s={search_term_string}\"},\"query-input\":{\"@type\":\"PropertyValueSpecification\",\"valueRequired\":true,\"valueName\":\"search_term_string\"}}],\"inLanguage\":\"en-US\"},{\"@type\":\"Organization\",\"@id\":\"https:\/\/www.afges.org\/#organization\",\"name\":\"AFGES, les \u00c9tudiant-e-s d\u2019Alsace\",\"url\":\"https:\/\/www.afges.org\/\",\"logo\":{\"@type\":\"ImageObject\",\"inLanguage\":\"en-US\",\"@id\":\"https:\/\/www.afges.org\/#\/schema\/logo\/image\/\",\"url\":\"\/wp-content\/uploads\/2025\/08\/Logo-AFGES-Orange-scaled.png\",\"contentUrl\":\"\/wp-content\/uploads\/2025\/08\/Logo-AFGES-Orange-scaled.png\",\"width\":2302,\"height\":2560,\"caption\":\"AFGES, les \u00c9tudiant-e-s d\u2019Alsace\"},\"image\":{\"@id\":\"https:\/\/www.afges.org\/#\/schema\/logo\/image\/\"},\"sameAs\":[\"https:\/\/www.facebook.com\/AFGES\",\"https:\/\/x.com\/AFGES\"]},{\"@type\":\"Person\",\"@id\":\"https:\/\/www.afges.org\/#\/schema\/person\/c7715983ea2a112d0bb3fdaba2346605\",\"name\":\"AFGES\",\"description\":\"Administrateur Syst\u00e8me de l'AFGES \/ webmaster@afges.org\",\"sameAs\":[\"https:\/\/afges.org\"],\"url\":\"https:\/\/interne.afges.org\/en\/author\/numerique\/\"}]}<\/script>\n<!-- \/ Yoast SEO plugin. -->","yoast_head_json":{"title":"Co\u00fbt de la rentr\u00e9e 2023 - AFGES","robots":{"index":"index","follow":"follow","max-snippet":"max-snippet:-1","max-image-preview":"max-image-preview:large","max-video-preview":"max-video-preview:-1"},"canonical":"https:\/\/afges.org\/en\/cout-de-la-rentree-2023\/","og_locale":"en_US","og_type":"article","og_title":"Co\u00fbt de la rentr\u00e9e 2023 - AFGES","og_description":"Depuis 18 ans, l\u2019AFGES r\u00e9alise son indicateur du co\u00fbt de la rentr\u00e9e \u00e0 l\u2019approche de la rentr\u00e9e universitaire. Il prend en compte les \u00e9l\u00e9ments sp\u00e9cifiques \u00e0 une rentr\u00e9e, c'est-\u00e0-dire, des frais annuels ou unique comme les frais d\u2019inscriptions ou un d\u00e9p\u00f4t de garantie. Il comporte \u00e9galement des frais de la vie courante, soit des d\u00e9penses mensuelles qui vont s\u2019ajouter \u00e0 celles de la rentr\u00e9e.","og_url":"https:\/\/afges.org\/en\/cout-de-la-rentree-2023\/","og_site_name":"AFGES","article_publisher":"https:\/\/www.facebook.com\/AFGES","article_published_time":"2023-08-16T13:00:00+00:00","article_modified_time":"2024-07-23T14:29:31+00:00","author":"AFGES","twitter_card":"summary_large_image","twitter_creator":"@AFGES","twitter_site":"@AFGES","twitter_misc":{"Written by":"AFGES","Est. reading time":"2 minutes"},"schema":{"@context":"https:\/\/schema.org","@graph":[{"@type":"Article","@id":"https:\/\/afges.org\/en\/cout-de-la-rentree-2023\/#article","isPartOf":{"@id":"https:\/\/afges.org\/en\/cout-de-la-rentree-2023\/"},"author":{"name":"AFGES","@id":"https:\/\/www.afges.org\/#\/schema\/person\/c7715983ea2a112d0bb3fdaba2346605"},"headline":"Co\u00fbt de la rentr\u00e9e 2023","datePublished":"2023-08-16T13:00:00+00:00","dateModified":"2024-07-23T14:29:31+00:00","mainEntityOfPage":{"@id":"https:\/\/afges.org\/en\/cout-de-la-rentree-2023\/"},"wordCount":454,"publisher":{"@id":"https:\/\/www.afges.org\/#organization"},"articleSection":["Affaires Sociales","Sans cat\u00e9gorie"],"inLanguage":"en-US"},{"@type":"WebPage","@id":"https:\/\/afges.org\/en\/cout-de-la-rentree-2023\/","url":"https:\/\/afges.org\/en\/cout-de-la-rentree-2023\/","name":"Co\u00fbt de la rentr\u00e9e 2023 - AFGES","isPartOf":{"@id":"https:\/\/www.afges.org\/#website"},"datePublished":"2023-08-16T13:00:00+00:00","dateModified":"2024-07-23T14:29:31+00:00","breadcrumb":{"@id":"https:\/\/afges.org\/en\/cout-de-la-rentree-2023\/#breadcrumb"},"inLanguage":"en-US","potentialAction":[{"@type":"ReadAction","target":["https:\/\/afges.org\/en\/cout-de-la-rentree-2023\/"]}]},{"@type":"BreadcrumbList","@id":"https:\/\/afges.org\/en\/cout-de-la-rentree-2023\/#breadcrumb","itemListElement":[{"@type":"ListItem","position":1,"name":"Accueil","item":"https:\/\/www.afges.org\/"},{"@type":"ListItem","position":2,"name":"Co\u00fbt de la rentr\u00e9e 2023"}]},{"@type":"WebSite","@id":"https:\/\/www.afges.org\/#website","url":"https:\/\/www.afges.org\/","name":"AFGES, les \u00c9tudiant-e-s d\u2019Alsace","description":"Les \u00c9tudiant-e-s d\u2019Alsace","publisher":{"@id":"https:\/\/www.afges.org\/#organization"},"potentialAction":[{"@type":"SearchAction","target":{"@type":"EntryPoint","urlTemplate":"https:\/\/www.afges.org\/?s={search_term_string}"},"query-input":{"@type":"PropertyValueSpecification","valueRequired":true,"valueName":"search_term_string"}}],"inLanguage":"en-US"},{"@type":"Organization","@id":"https:\/\/www.afges.org\/#organization","name":"AFGES, les \u00c9tudiant-e-s d\u2019Alsace","url":"https:\/\/www.afges.org\/","logo":{"@type":"ImageObject","inLanguage":"en-US","@id":"https:\/\/www.afges.org\/#\/schema\/logo\/image\/","url":"\/wp-content\/uploads\/2025\/08\/Logo-AFGES-Orange-scaled.png","contentUrl":"\/wp-content\/uploads\/2025\/08\/Logo-AFGES-Orange-scaled.png","width":2302,"height":2560,"caption":"AFGES, les \u00c9tudiant-e-s d\u2019Alsace"},"image":{"@id":"https:\/\/www.afges.org\/#\/schema\/logo\/image\/"},"sameAs":["https:\/\/www.facebook.com\/AFGES","https:\/\/x.com\/AFGES"]},{"@type":"Person","@id":"https:\/\/www.afges.org\/#\/schema\/person\/c7715983ea2a112d0bb3fdaba2346605","name":"AFGES","description":"Administrateur Syst\u00e8me de l'AFGES \/ webmaster@afges.org","sameAs":["https:\/\/afges.org"],"url":"https:\/\/interne.afges.org\/en\/author\/numerique\/"}]}},"_links":{"self":[{"href":"https:\/\/interne.afges.org\/en\/wp-json\/wp\/v2\/posts\/829","targetHints":{"allow":["GET"]}}],"collection":[{"href":"https:\/\/interne.afges.org\/en\/wp-json\/wp\/v2\/posts"}],"about":[{"href":"https:\/\/interne.afges.org\/en\/wp-json\/wp\/v2\/types\/post"}],"author":[{"embeddable":true,"href":"https:\/\/interne.afges.org\/en\/wp-json\/wp\/v2\/users\/1"}],"replies":[{"embeddable":true,"href":"https:\/\/interne.afges.org\/en\/wp-json\/wp\/v2\/comments?post=829"}],"version-history":[{"count":2,"href":"https:\/\/interne.afges.org\/en\/wp-json\/wp\/v2\/posts\/829\/revisions"}],"predecessor-version":[{"id":833,"href":"https:\/\/interne.afges.org\/en\/wp-json\/wp\/v2\/posts\/829\/revisions\/833"}],"wp:attachment":[{"href":"https:\/\/interne.afges.org\/en\/wp-json\/wp\/v2\/media?parent=829"}],"wp:term":[{"taxonomy":"category","embeddable":true,"href":"https:\/\/interne.afges.org\/en\/wp-json\/wp\/v2\/categories?post=829"},{"taxonomy":"post_tag","embeddable":true,"href":"https:\/\/interne.afges.org\/en\/wp-json\/wp\/v2\/tags?post=829"}],"curies":[{"name":"wp","href":"https:\/\/api.w.org\/{rel}","templated":true}]}}