{"id":632,"date":"2024-04-12T15:14:19","date_gmt":"2024-04-12T13:14:19","guid":{"rendered":"https:\/\/afges.org\/?p=632"},"modified":"2025-02-17T16:09:34","modified_gmt":"2025-02-17T15:09:34","slug":"celeri-sotto","status":"publish","type":"post","link":"https:\/\/interne.afges.org\/en\/celeri-sotto\/","title":{"rendered":"C\u00e9leri-sotto"},"content":{"rendered":"<div class=\"wp-block-columns is-layout-flex wp-container-core-columns-is-layout-28f84493 wp-block-columns-is-layout-flex\">\n<div class=\"wp-block-column is-layout-flow wp-block-column-is-layout-flow\">\n<div class=\"wp-block-columns are-vertically-aligned-center is-layout-flex wp-container-core-columns-is-layout-28f84493 wp-block-columns-is-layout-flex\">\n<div class=\"wp-block-column is-vertically-aligned-center is-layout-flow wp-block-column-is-layout-flow\" style=\"flex-basis:10%\">\n<figure class=\"wp-block-image size-full is-resized\"><img fetchpriority=\"high\" decoding=\"async\" width=\"640\" height=\"640\" src=\"\/wp-content\/uploads\/2024\/04\/livre-de-recettes.gif\" alt=\"\" class=\"wp-image-612\" style=\"aspect-ratio:1;object-fit:contain;width:45px\"\/><\/figure>\n<\/div>\n\n\n\n<div class=\"wp-block-column is-vertically-aligned-center is-layout-flow wp-block-column-is-layout-flow\" style=\"flex-basis:90%\">\n<p><strong>Plat<\/strong><\/p>\n<\/div>\n<\/div>\n<\/div>\n\n\n\n<div class=\"wp-block-column is-layout-flow wp-block-column-is-layout-flow\">\n<div class=\"wp-block-columns are-vertically-aligned-center is-layout-flex wp-container-core-columns-is-layout-28f84493 wp-block-columns-is-layout-flex\">\n<div class=\"wp-block-column is-vertically-aligned-center is-layout-flow wp-block-column-is-layout-flow\" style=\"flex-basis:10%\">\n<figure class=\"wp-block-image size-full is-resized\"><img decoding=\"async\" width=\"640\" height=\"640\" src=\"\/wp-content\/uploads\/2024\/04\/attendez.gif\" alt=\"\" class=\"wp-image-611\" style=\"aspect-ratio:1;object-fit:contain;width:45px\"\/><\/figure>\n<\/div>\n\n\n\n<div class=\"wp-block-column is-vertically-aligned-center is-layout-flow wp-block-column-is-layout-flow\" style=\"flex-basis:90%\">\n<p>Environ <strong><strong>1 heure 30<\/strong><\/strong> de pr\u00e9paration<\/p>\n<\/div>\n<\/div>\n<\/div>\n\n\n\n<div class=\"wp-block-column is-layout-flow wp-block-column-is-layout-flow\">\n<div class=\"wp-block-columns are-vertically-aligned-center is-layout-flex wp-container-core-columns-is-layout-28f84493 wp-block-columns-is-layout-flex\">\n<div class=\"wp-block-column is-vertically-aligned-center is-layout-flow wp-block-column-is-layout-flow\" style=\"flex-basis:10%\">\n<figure class=\"wp-block-image size-full is-resized\"><img decoding=\"async\" width=\"640\" height=\"640\" src=\"\/wp-content\/uploads\/2024\/04\/tape-men-cinq.gif\" alt=\"\" class=\"wp-image-610\" style=\"aspect-ratio:1;object-fit:contain;width:45px\"\/><\/figure>\n<\/div>\n\n\n\n<div class=\"wp-block-column is-vertically-aligned-center is-layout-flow wp-block-column-is-layout-flow\" style=\"flex-basis:90%\">\n<p>Pour <strong><strong>20<\/strong> personnes<\/strong><\/p>\n<\/div>\n<\/div>\n<\/div>\n<\/div>\n\n\n\n<div class=\"wp-block-columns is-layout-flex wp-container-core-columns-is-layout-28f84493 wp-block-columns-is-layout-flex\">\n<div class=\"wp-block-column is-layout-flow wp-block-column-is-layout-flow\">\n<h2 class=\"wp-block-heading has-text-align-center\">Ingr\u00e9dients<\/h2>\n\n\n\n<figure class=\"wp-block-table\"><table><thead><tr><th>Ingr\u00e9dient<\/th><th>Quantit\u00e9<\/th><\/tr><\/thead><tbody><tr><td><strong>C\u00e9leri<\/strong><\/td><td>4 kg<\/td><\/tr><tr><td><strong>Champignons<\/strong><\/td><td>1 kg<\/td><\/tr><tr><td><strong>Tofu<\/strong><\/td><td>2 kg<\/td><\/tr><tr><td><strong>Coquillettes<\/strong><\/td><td>1 kg<\/td><\/tr><tr><td><strong>\u00c9chalotes<\/strong><\/td><td>10<\/td><\/tr><tr><td><strong>Ail<\/strong><\/td><td>5 gousses<\/td><\/tr><tr><td><strong>Laurier<\/strong><\/td><td>10 feuilles<\/td><\/tr><tr><td><strong>Citron<\/strong><\/td><td>2<\/td><\/tr><\/tbody><\/table><\/figure>\n<\/div>\n\n\n\n<div class=\"wp-block-column is-layout-flow wp-block-column-is-layout-flow\">\n<h2 class=\"wp-block-heading has-text-align-center\">Mat\u00e9riel<\/h2>\n\n\n\n<figure class=\"wp-block-table\"><table><tbody><tr><td>Couteux<\/td><\/tr><tr><td>\u00c9conomes<\/td><\/tr><tr><td>Grande casserole <em>(bouillon)<\/em><\/td><\/tr><tr><td>Hachoir manuel ou \u00e9lectrique<\/td><\/tr><tr><td>Linge propre<\/td><\/tr><tr><td>R\u00e2pe \u00e0 muscade \/ Zesteur<\/td><\/tr><tr><td>2 grandes po\u00eales<\/td><\/tr><tr><td>Louche<\/td><\/tr><tr><td>Chinois <em>(passoire fine)<\/em><\/td><\/tr><tr><td>20 bols<\/td><\/tr><\/tbody><\/table><\/figure>\n<\/div>\n<\/div>\n\n\n\n<h2 class=\"wp-block-heading\">Pr\u00e9paration <em>(\u00e0 faire dans l\u2019ordre)<\/em><\/h2>\n\n\n\n<div class=\"wp-block-columns are-vertically-aligned-center is-layout-flex wp-container-core-columns-is-layout-28f84493 wp-block-columns-is-layout-flex\">\n<div class=\"wp-block-column is-vertically-aligned-center is-layout-flow wp-block-column-is-layout-flow\" style=\"flex-basis:5%\">\n<h2 class=\"wp-block-heading\">#<\/h2>\n<\/div>\n\n\n\n<div class=\"wp-block-column is-vertically-aligned-center is-layout-flow wp-block-column-is-layout-flow\" style=\"flex-basis:95%\">\n<p class=\"has-large-font-size\"><strong>Pr\u00e9paration du bouillon<\/strong><\/p>\n<\/div>\n<\/div>\n\n\n\n<div class=\"wp-block-columns are-vertically-aligned-center is-layout-flex wp-container-core-columns-is-layout-28f84493 wp-block-columns-is-layout-flex\">\n<div class=\"wp-block-column is-vertically-aligned-center is-layout-flow wp-block-column-is-layout-flow\" style=\"flex-basis:5%\">\n<h2 class=\"wp-block-heading\">1<\/h2>\n<\/div>\n\n\n\n<div class=\"wp-block-column is-vertically-aligned-center is-layout-flow wp-block-column-is-layout-flow\" style=\"flex-basis:95%\">\n<p class=\"has-medium-font-size\">Eplucher les \u00e9chalotes<\/p>\n<\/div>\n<\/div>\n\n\n\n<div class=\"wp-block-columns are-vertically-aligned-center is-layout-flex wp-container-core-columns-is-layout-28f84493 wp-block-columns-is-layout-flex\">\n<div class=\"wp-block-column is-vertically-aligned-center is-layout-flow wp-block-column-is-layout-flow\" style=\"flex-basis:5%\">\n<h2 class=\"wp-block-heading\">2<\/h2>\n<\/div>\n\n\n\n<div class=\"wp-block-column is-vertically-aligned-center is-layout-flow wp-block-column-is-layout-flow\" style=\"flex-basis:95%\">\n<p class=\"has-medium-font-size\">Frotter soigneusement le c\u00e9leri pour enlever toute terre et l\u2019\u00e9plucher au couteau.<\/p>\n<\/div>\n<\/div>\n\n\n\n<div class=\"wp-block-columns are-vertically-aligned-center is-layout-flex wp-container-core-columns-is-layout-28f84493 wp-block-columns-is-layout-flex\">\n<div class=\"wp-block-column is-vertically-aligned-center is-layout-flow wp-block-column-is-layout-flow\" style=\"flex-basis:5%\">\n<h2 class=\"wp-block-heading\">3<\/h2>\n<\/div>\n\n\n\n<div class=\"wp-block-column is-vertically-aligned-center is-layout-flow wp-block-column-is-layout-flow\" style=\"flex-basis:95%\">\n<p class=\"has-medium-font-size\">\u00c9plucher les champignons.<\/p>\n<\/div>\n<\/div>\n\n\n\n<div class=\"wp-block-columns are-vertically-aligned-center is-layout-flex wp-container-core-columns-is-layout-28f84493 wp-block-columns-is-layout-flex\">\n<div class=\"wp-block-column is-vertically-aligned-center is-layout-flow wp-block-column-is-layout-flow\" style=\"flex-basis:5%\">\n<h2 class=\"wp-block-heading\">4<\/h2>\n<\/div>\n\n\n\n<div class=\"wp-block-column is-vertically-aligned-center is-layout-flow wp-block-column-is-layout-flow\" style=\"flex-basis:95%\">\n<p class=\"has-medium-font-size\">\u00c9craser grossi\u00e8rement au couteau les gousses d\u2019ail.<\/p>\n<\/div>\n<\/div>\n\n\n\n<div class=\"wp-block-columns are-vertically-aligned-center is-layout-flex wp-container-core-columns-is-layout-28f84493 wp-block-columns-is-layout-flex\">\n<div class=\"wp-block-column is-vertically-aligned-center is-layout-flow wp-block-column-is-layout-flow\" style=\"flex-basis:5%\">\n<h2 class=\"wp-block-heading\">5<\/h2>\n<\/div>\n\n\n\n<div class=\"wp-block-column is-vertically-aligned-center is-layout-flow wp-block-column-is-layout-flow\" style=\"flex-basis:95%\">\n<p class=\"has-medium-font-size\">Dans une casserole, faire revenir \u00e0 l\u2019huile d\u2019olive l\u2019ail, les \u00e9pluchures de c\u00e9leri, les \u00e9pluchures d&rsquo;\u00e9chalotes et les \u00e9pluchures de champignon pendant 1 \u00e0 2 minutes.<\/p>\n<\/div>\n<\/div>\n\n\n\n<div class=\"wp-block-columns are-vertically-aligned-center is-layout-flex wp-container-core-columns-is-layout-28f84493 wp-block-columns-is-layout-flex\">\n<div class=\"wp-block-column is-vertically-aligned-center is-layout-flow wp-block-column-is-layout-flow\" style=\"flex-basis:5%\">\n<h2 class=\"wp-block-heading\">6<\/h2>\n<\/div>\n\n\n\n<div class=\"wp-block-column is-vertically-aligned-center is-layout-flow wp-block-column-is-layout-flow\" style=\"flex-basis:95%\">\n<p class=\"has-medium-font-size\">Couvrir d\u2019eau <em>(compter environ 25 cl par personne)<\/em>, ajouter les feuilles de laurier.<\/p>\n<\/div>\n<\/div>\n\n\n\n<div class=\"wp-block-columns are-vertically-aligned-center is-layout-flex wp-container-core-columns-is-layout-28f84493 wp-block-columns-is-layout-flex\">\n<div class=\"wp-block-column is-vertically-aligned-center is-layout-flow wp-block-column-is-layout-flow\" style=\"flex-basis:5%\">\n<h2 class=\"wp-block-heading\">7<\/h2>\n<\/div>\n\n\n\n<div class=\"wp-block-column is-vertically-aligned-center is-layout-flow wp-block-column-is-layout-flow\" style=\"flex-basis:95%\">\n<p class=\"has-medium-font-size\">Monter \u00e0 \u00e9bullition puis baisser le feu pour laisser mijoter au moins 30 minutes.<\/p>\n<\/div>\n<\/div>\n\n\n\n<div class=\"wp-block-columns are-vertically-aligned-center is-layout-flex wp-container-core-columns-is-layout-28f84493 wp-block-columns-is-layout-flex\">\n<div class=\"wp-block-column is-vertically-aligned-center is-layout-flow wp-block-column-is-layout-flow\" style=\"flex-basis:5%\">\n<h2 class=\"wp-block-heading\">8<\/h2>\n<\/div>\n\n\n\n<div class=\"wp-block-column is-vertically-aligned-center is-layout-flow wp-block-column-is-layout-flow\" style=\"flex-basis:95%\">\n<p class=\"has-medium-font-size\">Avant utilisation dans le c\u00e9leri-sotto, filtrer le bouillon avec un chinois dans un r\u00e9cipient et go\u00fbter : ajuster \u00e9ventuellement en sel et en poivre <strong><em>(le sel ne doit surtout pas \u00eatre ajout\u00e9 avant afin que les parfums diffusent)<\/em><\/strong>.<\/p>\n<\/div>\n<\/div>\n\n\n\n<div class=\"wp-block-columns are-vertically-aligned-center is-layout-flex wp-container-core-columns-is-layout-28f84493 wp-block-columns-is-layout-flex\">\n<div class=\"wp-block-column is-vertically-aligned-center is-layout-flow wp-block-column-is-layout-flow\" style=\"flex-basis:5%\">\n<h2 class=\"wp-block-heading\">#<\/h2>\n<\/div>\n\n\n\n<div class=\"wp-block-column is-vertically-aligned-center is-layout-flow wp-block-column-is-layout-flow\" style=\"flex-basis:95%\">\n<p class=\"has-large-font-size\"><strong>Cuisson du tofu<\/strong> <em>(pendant la cuisson du risotto, ou avant si utilisation de la m\u00eame casserole)<\/em><\/p>\n<\/div>\n<\/div>\n\n\n\n<div class=\"wp-block-columns are-vertically-aligned-center is-layout-flex wp-container-core-columns-is-layout-28f84493 wp-block-columns-is-layout-flex\">\n<div class=\"wp-block-column is-vertically-aligned-center is-layout-flow wp-block-column-is-layout-flow\" style=\"flex-basis:5%\">\n<h2 class=\"wp-block-heading\">1<\/h2>\n<\/div>\n\n\n\n<div class=\"wp-block-column is-vertically-aligned-center is-layout-flow wp-block-column-is-layout-flow\" style=\"flex-basis:95%\">\n<p class=\"has-medium-font-size\">\u00c9goutter le tofu 10 minutes, emball\u00e9 dans un linge propre : le paquet de coquillette par-dessus va l\u2019aider \u00e0 presser et s\u2019\u00e9goutter.<\/p>\n<\/div>\n<\/div>\n\n\n\n<div class=\"wp-block-columns are-vertically-aligned-center is-layout-flex wp-container-core-columns-is-layout-28f84493 wp-block-columns-is-layout-flex\">\n<div class=\"wp-block-column is-vertically-aligned-center is-layout-flow wp-block-column-is-layout-flow\" style=\"flex-basis:5%\">\n<h2 class=\"wp-block-heading\">2<\/h2>\n<\/div>\n\n\n\n<div class=\"wp-block-column is-vertically-aligned-center is-layout-flow wp-block-column-is-layout-flow\" style=\"flex-basis:95%\">\n<p class=\"has-medium-font-size\">Zester le citron, \u00e9viter la partie blanche am\u00e8re. Si besoin, d\u00e9couper les zestes en fines lamelles<sup data-fn=\"c6644c20-82d4-4d89-962d-f23da22078db\" class=\"fn\"><a href=\"#c6644c20-82d4-4d89-962d-f23da22078db\" id=\"c6644c20-82d4-4d89-962d-f23da22078db-link\">1<\/a><\/sup>.<\/p>\n<\/div>\n<\/div>\n\n\n\n<div class=\"wp-block-columns are-vertically-aligned-center is-layout-flex wp-container-core-columns-is-layout-28f84493 wp-block-columns-is-layout-flex\">\n<div class=\"wp-block-column is-vertically-aligned-center is-layout-flow wp-block-column-is-layout-flow\" style=\"flex-basis:5%\">\n<h2 class=\"wp-block-heading\">3<\/h2>\n<\/div>\n\n\n\n<div class=\"wp-block-column is-vertically-aligned-center is-layout-flow wp-block-column-is-layout-flow\" style=\"flex-basis:95%\">\n<p class=\"has-medium-font-size\">Dans une po\u00eale, faire chauffer de l\u2019huile d\u2019olive, ajouter du (gros) sel, du poivre ou du 5 baies et disposer les d\u00e9s de tofu en une couche. Les laisser dorer, et les retourner. Le faire en plusieurs fois si besoin.<\/p>\n<\/div>\n<\/div>\n\n\n\n<div class=\"wp-block-columns are-vertically-aligned-center is-layout-flex wp-container-core-columns-is-layout-28f84493 wp-block-columns-is-layout-flex\">\n<div class=\"wp-block-column is-vertically-aligned-center is-layout-flow wp-block-column-is-layout-flow\" style=\"flex-basis:5%\">\n<h2 class=\"wp-block-heading\">#<\/h2>\n<\/div>\n\n\n\n<div class=\"wp-block-column is-vertically-aligned-center is-layout-flow wp-block-column-is-layout-flow\" style=\"flex-basis:95%\">\n<p class=\"has-large-font-size\"><strong>Cuisson fa\u00e7on risotto<\/strong><\/p>\n<\/div>\n<\/div>\n\n\n\n<div class=\"wp-block-columns are-vertically-aligned-center is-layout-flex wp-container-core-columns-is-layout-28f84493 wp-block-columns-is-layout-flex\">\n<div class=\"wp-block-column is-vertically-aligned-center is-layout-flow wp-block-column-is-layout-flow\" style=\"flex-basis:5%\">\n<h2 class=\"wp-block-heading\">1<\/h2>\n<\/div>\n\n\n\n<div class=\"wp-block-column is-vertically-aligned-center is-layout-flow wp-block-column-is-layout-flow\" style=\"flex-basis:95%\">\n<p class=\"has-medium-font-size\">Hacher le c\u00e9leri <em>(il peut \u00eatre \u00ab mix\u00e9 \u00bb par \u00e0-coups au mixer)<\/em> ou juste coup\u00e9 tr\u00e8s fin au couteau.<\/p>\n<\/div>\n<\/div>\n\n\n\n<div class=\"wp-block-columns are-vertically-aligned-center is-layout-flex wp-container-core-columns-is-layout-28f84493 wp-block-columns-is-layout-flex\">\n<div class=\"wp-block-column is-vertically-aligned-center is-layout-flow wp-block-column-is-layout-flow\" style=\"flex-basis:5%\">\n<h2 class=\"wp-block-heading\">2<\/h2>\n<\/div>\n\n\n\n<div class=\"wp-block-column is-vertically-aligned-center is-layout-flow wp-block-column-is-layout-flow\" style=\"flex-basis:95%\">\n<p class=\"has-medium-font-size\">\u00c9mincer les champignons.<\/p>\n<\/div>\n<\/div>\n\n\n\n<div class=\"wp-block-columns are-vertically-aligned-center is-layout-flex wp-container-core-columns-is-layout-28f84493 wp-block-columns-is-layout-flex\">\n<div class=\"wp-block-column is-vertically-aligned-center is-layout-flow wp-block-column-is-layout-flow\" style=\"flex-basis:5%\">\n<h2 class=\"wp-block-heading\">3<\/h2>\n<\/div>\n\n\n\n<div class=\"wp-block-column is-vertically-aligned-center is-layout-flow wp-block-column-is-layout-flow\" style=\"flex-basis:95%\">\n<p class=\"has-medium-font-size\">Faire revenir \u00e0 l\u2019huile d\u2019olive les \u00e9chalotes hach\u00e9es, le c\u00e9leri et les coquillettes pendant 1 ou 2 minutes.<\/p>\n<\/div>\n<\/div>\n\n\n\n<div class=\"wp-block-columns are-vertically-aligned-center is-layout-flex wp-container-core-columns-is-layout-28f84493 wp-block-columns-is-layout-flex\">\n<div class=\"wp-block-column is-vertically-aligned-center is-layout-flow wp-block-column-is-layout-flow\" style=\"flex-basis:5%\">\n<h2 class=\"wp-block-heading\">4<\/h2>\n<\/div>\n\n\n\n<div class=\"wp-block-column is-vertically-aligned-center is-layout-flow wp-block-column-is-layout-flow\" style=\"flex-basis:95%\">\n<p class=\"has-medium-font-size\">Mouiller \u00e0 hauteur avec le bouillon ; lorsqu\u2019il est absorb\u00e9, ajouter encore du bouillon. Compter environ 10 \u00e0 15 minutes de cuisson <em>(jusqu\u2019\u00e0 ce que les p\u00e2tes soient cuites)<\/em>.<\/p>\n<\/div>\n<\/div>\n\n\n\n<div class=\"wp-block-columns are-vertically-aligned-center is-layout-flex wp-container-core-columns-is-layout-28f84493 wp-block-columns-is-layout-flex\">\n<div class=\"wp-block-column is-vertically-aligned-center is-layout-flow wp-block-column-is-layout-flow\" style=\"flex-basis:5%\">\n<h2 class=\"wp-block-heading\">5<\/h2>\n<\/div>\n\n\n\n<div class=\"wp-block-column is-vertically-aligned-center is-layout-flow wp-block-column-is-layout-flow\" style=\"flex-basis:95%\">\n<p class=\"has-medium-font-size\">Disposer le c\u00e9leri-sotto dans les bols, ajouter les d\u00e9s de tofu au zeste de citron et d\u00e9guster chaud.<\/p>\n<\/div>\n<\/div>\n\n\n\n<hr class=\"wp-block-separator has-alpha-channel-opacity\"\/>\n\n\n<ol class=\"wp-block-footnotes\"><li id=\"c6644c20-82d4-4d89-962d-f23da22078db\">Les parties du citron non utilis\u00e9es peuvent servir \u00e0 parfumer du vinaigre blanc pour le m\u00e9nage <a href=\"#c6644c20-82d4-4d89-962d-f23da22078db-link\" aria-label=\"Jump to footnote reference 1\">\u21a9\ufe0e<\/a><\/li><\/ol>","protected":false},"excerpt":{"rendered":"<p>Plat pour 20 personnes, environ 1h30 de pr\u00e9paration : cette recette facile \u00e0 pr\u00e9parer saura vous ravir !<\/p>","protected":false},"author":4,"featured_media":0,"comment_status":"closed","ping_status":"","sticky":false,"template":"","format":"standard","meta":{"footnotes":"[{\"content\":\"Les parties du citron non utilis\u00e9es peuvent servir \u00e0 parfumer du vinaigre blanc pour le m\u00e9nage\",\"id\":\"c6644c20-82d4-4d89-962d-f23da22078db\"}]"},"categories":[20],"tags":[21],"class_list":["post-632","post","type-post","status-publish","format-standard","hentry","category-recettes","tag-recette"],"blocksy_meta":[],"yoast_head":"<!-- This site is optimized with the Yoast SEO plugin v27.2 - https:\/\/yoast.com\/product\/yoast-seo-wordpress\/ -->\n<title>C\u00e9leri-sotto - AFGES<\/title>\n<meta name=\"robots\" content=\"index, follow, max-snippet:-1, max-image-preview:large, max-video-preview:-1\" \/>\n<link rel=\"canonical\" href=\"https:\/\/afges.org\/celeri-sotto\/\" \/>\n<meta property=\"og:locale\" content=\"en_US\" \/>\n<meta property=\"og:type\" content=\"article\" \/>\n<meta property=\"og:title\" content=\"C\u00e9leri-sotto - AFGES\" \/>\n<meta property=\"og:description\" content=\"Plat pour 20 personnes, environ 1h30 de pr\u00e9paration : cette recette facile \u00e0 pr\u00e9parer saura vous ravir !\" \/>\n<meta property=\"og:url\" content=\"https:\/\/afges.org\/celeri-sotto\/\" \/>\n<meta property=\"og:site_name\" content=\"AFGES\" \/>\n<meta property=\"article:publisher\" content=\"https:\/\/www.facebook.com\/AFGES\" \/>\n<meta property=\"article:author\" content=\"https:\/\/www.facebook.com\/agorae.strasbourg\" \/>\n<meta property=\"article:published_time\" content=\"2024-04-12T13:14:19+00:00\" \/>\n<meta property=\"article:modified_time\" content=\"2025-02-17T15:09:34+00:00\" \/>\n<meta name=\"author\" content=\"Thomas RODENSTEIN-SCHUBNEL\" \/>\n<meta name=\"twitter:card\" content=\"summary_large_image\" \/>\n<meta name=\"twitter:creator\" content=\"@https:\/\/x.com\/Agorae_Strasbg\" \/>\n<meta name=\"twitter:site\" content=\"@AFGES\" \/>\n<meta name=\"twitter:label1\" content=\"Written by\" \/>\n\t<meta name=\"twitter:data1\" content=\"Thomas RODENSTEIN-SCHUBNEL\" \/>\n\t<meta name=\"twitter:label2\" content=\"Est. reading time\" \/>\n\t<meta name=\"twitter:data2\" content=\"2 minutes\" \/>\n<script type=\"application\/ld+json\" class=\"yoast-schema-graph\">{\"@context\":\"https:\/\/schema.org\",\"@graph\":[{\"@type\":\"Article\",\"@id\":\"https:\/\/afges.org\/celeri-sotto\/#article\",\"isPartOf\":{\"@id\":\"https:\/\/afges.org\/celeri-sotto\/\"},\"author\":{\"name\":\"Thomas RODENSTEIN-SCHUBNEL\",\"@id\":\"https:\/\/www.afges.org\/#\/schema\/person\/c9cc1b4e7d38c89695ff7c584467410d\"},\"headline\":\"C\u00e9leri-sotto\",\"datePublished\":\"2024-04-12T13:14:19+00:00\",\"dateModified\":\"2025-02-17T15:09:34+00:00\",\"mainEntityOfPage\":{\"@id\":\"https:\/\/afges.org\/celeri-sotto\/\"},\"wordCount\":378,\"publisher\":{\"@id\":\"https:\/\/www.afges.org\/#organization\"},\"keywords\":[\"Recette\"],\"articleSection\":[\"Recettes\"],\"inLanguage\":\"en-US\"},{\"@type\":\"WebPage\",\"@id\":\"https:\/\/afges.org\/celeri-sotto\/\",\"url\":\"https:\/\/afges.org\/celeri-sotto\/\",\"name\":\"C\u00e9leri-sotto - AFGES\",\"isPartOf\":{\"@id\":\"https:\/\/www.afges.org\/#website\"},\"datePublished\":\"2024-04-12T13:14:19+00:00\",\"dateModified\":\"2025-02-17T15:09:34+00:00\",\"breadcrumb\":{\"@id\":\"https:\/\/afges.org\/celeri-sotto\/#breadcrumb\"},\"inLanguage\":\"en-US\",\"potentialAction\":[{\"@type\":\"ReadAction\",\"target\":[\"https:\/\/afges.org\/celeri-sotto\/\"]}]},{\"@type\":\"BreadcrumbList\",\"@id\":\"https:\/\/afges.org\/celeri-sotto\/#breadcrumb\",\"itemListElement\":[{\"@type\":\"ListItem\",\"position\":1,\"name\":\"Accueil\",\"item\":\"https:\/\/www.afges.org\/\"},{\"@type\":\"ListItem\",\"position\":2,\"name\":\"C\u00e9leri-sotto\"}]},{\"@type\":\"WebSite\",\"@id\":\"https:\/\/www.afges.org\/#website\",\"url\":\"https:\/\/www.afges.org\/\",\"name\":\"AFGES, les \u00c9tudiant-e-s d\u2019Alsace\",\"description\":\"Les \u00c9tudiant-e-s d\u2019Alsace\",\"publisher\":{\"@id\":\"https:\/\/www.afges.org\/#organization\"},\"potentialAction\":[{\"@type\":\"SearchAction\",\"target\":{\"@type\":\"EntryPoint\",\"urlTemplate\":\"https:\/\/www.afges.org\/?s={search_term_string}\"},\"query-input\":{\"@type\":\"PropertyValueSpecification\",\"valueRequired\":true,\"valueName\":\"search_term_string\"}}],\"inLanguage\":\"en-US\"},{\"@type\":\"Organization\",\"@id\":\"https:\/\/www.afges.org\/#organization\",\"name\":\"AFGES, les \u00c9tudiant-e-s d\u2019Alsace\",\"url\":\"https:\/\/www.afges.org\/\",\"logo\":{\"@type\":\"ImageObject\",\"inLanguage\":\"en-US\",\"@id\":\"https:\/\/www.afges.org\/#\/schema\/logo\/image\/\",\"url\":\"\/wp-content\/uploads\/2025\/08\/Logo-AFGES-Orange-scaled.png\",\"contentUrl\":\"\/wp-content\/uploads\/2025\/08\/Logo-AFGES-Orange-scaled.png\",\"width\":2302,\"height\":2560,\"caption\":\"AFGES, les \u00c9tudiant-e-s d\u2019Alsace\"},\"image\":{\"@id\":\"https:\/\/www.afges.org\/#\/schema\/logo\/image\/\"},\"sameAs\":[\"https:\/\/www.facebook.com\/AFGES\",\"https:\/\/x.com\/AFGES\"]},{\"@type\":\"Person\",\"@id\":\"https:\/\/www.afges.org\/#\/schema\/person\/c9cc1b4e7d38c89695ff7c584467410d\",\"name\":\"Thomas RODENSTEIN-SCHUBNEL\",\"description\":\"Charg\u00e9 de Mission AGORA\u00e9 (salari\u00e9) de l'AFGES\",\"sameAs\":[\"https:\/\/afges.org\/agorae\/\",\"https:\/\/www.facebook.com\/agorae.strasbourg\",\"https:\/\/www.instagram.com\/agorae_strasbg\/\",\"https:\/\/x.com\/https:\/\/x.com\/Agorae_Strasbg\"],\"url\":\"https:\/\/interne.afges.org\/en\/author\/t-schubnel\/\"}]}<\/script>\n<!-- \/ Yoast SEO plugin. -->","yoast_head_json":{"title":"C\u00e9leri-sotto - AFGES","robots":{"index":"index","follow":"follow","max-snippet":"max-snippet:-1","max-image-preview":"max-image-preview:large","max-video-preview":"max-video-preview:-1"},"canonical":"https:\/\/afges.org\/celeri-sotto\/","og_locale":"en_US","og_type":"article","og_title":"C\u00e9leri-sotto - AFGES","og_description":"Plat pour 20 personnes, environ 1h30 de pr\u00e9paration : cette recette facile \u00e0 pr\u00e9parer saura vous ravir !","og_url":"https:\/\/afges.org\/celeri-sotto\/","og_site_name":"AFGES","article_publisher":"https:\/\/www.facebook.com\/AFGES","article_author":"https:\/\/www.facebook.com\/agorae.strasbourg","article_published_time":"2024-04-12T13:14:19+00:00","article_modified_time":"2025-02-17T15:09:34+00:00","author":"Thomas RODENSTEIN-SCHUBNEL","twitter_card":"summary_large_image","twitter_creator":"@https:\/\/x.com\/Agorae_Strasbg","twitter_site":"@AFGES","twitter_misc":{"Written by":"Thomas RODENSTEIN-SCHUBNEL","Est. reading time":"2 minutes"},"schema":{"@context":"https:\/\/schema.org","@graph":[{"@type":"Article","@id":"https:\/\/afges.org\/celeri-sotto\/#article","isPartOf":{"@id":"https:\/\/afges.org\/celeri-sotto\/"},"author":{"name":"Thomas RODENSTEIN-SCHUBNEL","@id":"https:\/\/www.afges.org\/#\/schema\/person\/c9cc1b4e7d38c89695ff7c584467410d"},"headline":"C\u00e9leri-sotto","datePublished":"2024-04-12T13:14:19+00:00","dateModified":"2025-02-17T15:09:34+00:00","mainEntityOfPage":{"@id":"https:\/\/afges.org\/celeri-sotto\/"},"wordCount":378,"publisher":{"@id":"https:\/\/www.afges.org\/#organization"},"keywords":["Recette"],"articleSection":["Recettes"],"inLanguage":"en-US"},{"@type":"WebPage","@id":"https:\/\/afges.org\/celeri-sotto\/","url":"https:\/\/afges.org\/celeri-sotto\/","name":"C\u00e9leri-sotto - AFGES","isPartOf":{"@id":"https:\/\/www.afges.org\/#website"},"datePublished":"2024-04-12T13:14:19+00:00","dateModified":"2025-02-17T15:09:34+00:00","breadcrumb":{"@id":"https:\/\/afges.org\/celeri-sotto\/#breadcrumb"},"inLanguage":"en-US","potentialAction":[{"@type":"ReadAction","target":["https:\/\/afges.org\/celeri-sotto\/"]}]},{"@type":"BreadcrumbList","@id":"https:\/\/afges.org\/celeri-sotto\/#breadcrumb","itemListElement":[{"@type":"ListItem","position":1,"name":"Accueil","item":"https:\/\/www.afges.org\/"},{"@type":"ListItem","position":2,"name":"C\u00e9leri-sotto"}]},{"@type":"WebSite","@id":"https:\/\/www.afges.org\/#website","url":"https:\/\/www.afges.org\/","name":"AFGES, les \u00c9tudiant-e-s d\u2019Alsace","description":"Les \u00c9tudiant-e-s d\u2019Alsace","publisher":{"@id":"https:\/\/www.afges.org\/#organization"},"potentialAction":[{"@type":"SearchAction","target":{"@type":"EntryPoint","urlTemplate":"https:\/\/www.afges.org\/?s={search_term_string}"},"query-input":{"@type":"PropertyValueSpecification","valueRequired":true,"valueName":"search_term_string"}}],"inLanguage":"en-US"},{"@type":"Organization","@id":"https:\/\/www.afges.org\/#organization","name":"AFGES, les \u00c9tudiant-e-s d\u2019Alsace","url":"https:\/\/www.afges.org\/","logo":{"@type":"ImageObject","inLanguage":"en-US","@id":"https:\/\/www.afges.org\/#\/schema\/logo\/image\/","url":"\/wp-content\/uploads\/2025\/08\/Logo-AFGES-Orange-scaled.png","contentUrl":"\/wp-content\/uploads\/2025\/08\/Logo-AFGES-Orange-scaled.png","width":2302,"height":2560,"caption":"AFGES, les \u00c9tudiant-e-s d\u2019Alsace"},"image":{"@id":"https:\/\/www.afges.org\/#\/schema\/logo\/image\/"},"sameAs":["https:\/\/www.facebook.com\/AFGES","https:\/\/x.com\/AFGES"]},{"@type":"Person","@id":"https:\/\/www.afges.org\/#\/schema\/person\/c9cc1b4e7d38c89695ff7c584467410d","name":"Thomas RODENSTEIN-SCHUBNEL","description":"Charg\u00e9 de Mission AGORA\u00e9 (salari\u00e9) de l'AFGES","sameAs":["https:\/\/afges.org\/agorae\/","https:\/\/www.facebook.com\/agorae.strasbourg","https:\/\/www.instagram.com\/agorae_strasbg\/","https:\/\/x.com\/https:\/\/x.com\/Agorae_Strasbg"],"url":"https:\/\/interne.afges.org\/en\/author\/t-schubnel\/"}]}},"_links":{"self":[{"href":"https:\/\/interne.afges.org\/en\/wp-json\/wp\/v2\/posts\/632","targetHints":{"allow":["GET"]}}],"collection":[{"href":"https:\/\/interne.afges.org\/en\/wp-json\/wp\/v2\/posts"}],"about":[{"href":"https:\/\/interne.afges.org\/en\/wp-json\/wp\/v2\/types\/post"}],"author":[{"embeddable":true,"href":"https:\/\/interne.afges.org\/en\/wp-json\/wp\/v2\/users\/4"}],"replies":[{"embeddable":true,"href":"https:\/\/interne.afges.org\/en\/wp-json\/wp\/v2\/comments?post=632"}],"version-history":[{"count":3,"href":"https:\/\/interne.afges.org\/en\/wp-json\/wp\/v2\/posts\/632\/revisions"}],"predecessor-version":[{"id":638,"href":"https:\/\/interne.afges.org\/en\/wp-json\/wp\/v2\/posts\/632\/revisions\/638"}],"wp:attachment":[{"href":"https:\/\/interne.afges.org\/en\/wp-json\/wp\/v2\/media?parent=632"}],"wp:term":[{"taxonomy":"category","embeddable":true,"href":"https:\/\/interne.afges.org\/en\/wp-json\/wp\/v2\/categories?post=632"},{"taxonomy":"post_tag","embeddable":true,"href":"https:\/\/interne.afges.org\/en\/wp-json\/wp\/v2\/tags?post=632"}],"curies":[{"name":"wp","href":"https:\/\/api.w.org\/{rel}","templated":true}]}}