{"id":604,"date":"2024-04-12T11:22:33","date_gmt":"2024-04-12T09:22:33","guid":{"rendered":"https:\/\/afges.org\/?p=604"},"modified":"2025-02-19T09:07:54","modified_gmt":"2025-02-19T08:07:54","slug":"verrines-de-fenouil-a-la-marocaine","status":"publish","type":"post","link":"https:\/\/interne.afges.org\/en\/verrines-de-fenouil-a-la-marocaine\/","title":{"rendered":"Verrines de fenouil \u00e0 la marocaine"},"content":{"rendered":"<div class=\"wp-block-columns is-layout-flex wp-container-core-columns-is-layout-28f84493 wp-block-columns-is-layout-flex\">\n<div class=\"wp-block-column is-layout-flow wp-block-column-is-layout-flow\">\n<div class=\"wp-block-columns are-vertically-aligned-center is-not-stacked-on-mobile is-layout-flex wp-container-core-columns-is-layout-28f84493 wp-block-columns-is-layout-flex\">\n<div class=\"wp-block-column is-vertically-aligned-center is-layout-flow wp-block-column-is-layout-flow\" style=\"flex-basis:10%\">\n<figure class=\"wp-block-image size-full is-resized\"><img fetchpriority=\"high\" decoding=\"async\" width=\"640\" height=\"640\" src=\"\/wp-content\/uploads\/2024\/04\/livre-de-recettes.gif\" alt=\"\" class=\"wp-image-612\" style=\"aspect-ratio:1;object-fit:contain;width:45px\"\/><\/figure>\n<\/div>\n\n\n\n<div class=\"wp-block-column is-vertically-aligned-center is-layout-flow wp-block-column-is-layout-flow\" style=\"flex-basis:90%\">\n<p><strong>Entr\u00e9e<\/strong><\/p>\n<\/div>\n<\/div>\n<\/div>\n\n\n\n<div class=\"wp-block-column is-layout-flow wp-block-column-is-layout-flow\">\n<div class=\"wp-block-columns are-vertically-aligned-center is-not-stacked-on-mobile is-layout-flex wp-container-core-columns-is-layout-28f84493 wp-block-columns-is-layout-flex\">\n<div class=\"wp-block-column is-vertically-aligned-center is-layout-flow wp-block-column-is-layout-flow\" style=\"flex-basis:10%\">\n<figure class=\"wp-block-image size-full is-resized\"><img decoding=\"async\" width=\"640\" height=\"640\" src=\"\/wp-content\/uploads\/2024\/04\/attendez.gif\" alt=\"\" class=\"wp-image-611\" style=\"aspect-ratio:1;object-fit:contain;width:45px\"\/><\/figure>\n<\/div>\n\n\n\n<div class=\"wp-block-column is-vertically-aligned-center is-layout-flow wp-block-column-is-layout-flow\" style=\"flex-basis:90%\">\n<p>Environ <strong>15 minutes<\/strong> de pr\u00e9paration<\/p>\n<\/div>\n<\/div>\n<\/div>\n\n\n\n<div class=\"wp-block-column is-layout-flow wp-block-column-is-layout-flow\">\n<div class=\"wp-block-columns is-layout-flex wp-container-core-columns-is-layout-28f84493 wp-block-columns-is-layout-flex\">\n<div class=\"wp-block-column is-layout-flow wp-block-column-is-layout-flow\">\n<div class=\"wp-block-columns are-vertically-aligned-center is-not-stacked-on-mobile is-layout-flex wp-container-core-columns-is-layout-28f84493 wp-block-columns-is-layout-flex\">\n<div class=\"wp-block-column is-vertically-aligned-center is-layout-flow wp-block-column-is-layout-flow\" style=\"flex-basis:10%\">\n<figure class=\"wp-block-image size-full is-resized\"><img decoding=\"async\" width=\"640\" height=\"640\" src=\"\/wp-content\/uploads\/2024\/04\/tape-men-cinq.gif\" alt=\"\" class=\"wp-image-610\" style=\"aspect-ratio:1;object-fit:contain;width:45px\"\/><\/figure>\n<\/div>\n\n\n\n<div class=\"wp-block-column is-vertically-aligned-center is-layout-flow wp-block-column-is-layout-flow\" style=\"flex-basis:90%\">\n<p>Pour <strong>20<\/strong> personnes<\/p>\n<\/div>\n<\/div>\n<\/div>\n<\/div>\n<\/div>\n<\/div>\n\n\n\n<div class=\"wp-block-columns is-layout-flex wp-container-core-columns-is-layout-28f84493 wp-block-columns-is-layout-flex\">\n<div class=\"wp-block-column is-layout-flow wp-block-column-is-layout-flow\">\n<h2 class=\"wp-block-heading has-text-align-center\">Ingr\u00e9dients<\/h2>\n\n\n\n<figure class=\"wp-block-table\"><table><thead><tr><th>Ingr\u00e9dient<\/th><th>Quantit\u00e9<\/th><\/tr><\/thead><tbody><tr><td><strong>Fenouil<\/strong><\/td><td>1,375 kg<\/td><\/tr><tr><td><strong>Carottes<\/strong><\/td><td>2,25 kg<\/td><\/tr><tr><td><strong>Gingembre en poudre<\/strong><\/td><td>75 g<\/td><\/tr><tr><td><strong>Cumin<\/strong> <em>(ou autre \u00e9pices)<\/em><\/td><td>Dosage selon go\u00fbt<\/td><\/tr><tr><td><strong>Aquafaba<\/strong> <em>(jus des haricots rouges)<\/em><\/td><td>Bo\u00eete de 500 g<\/td><\/tr><tr><td><strong>Huile d\u2019olive<\/strong><\/td><td><\/td><\/tr><tr><td><strong>Citrons<\/strong><em> (jus)<\/em><\/td><td>2<\/td><\/tr><\/tbody><\/table><\/figure>\n<\/div>\n\n\n\n<div class=\"wp-block-column is-layout-flow wp-block-column-is-layout-flow\">\n<h2 class=\"wp-block-heading has-text-align-center\">Mat\u00e9riel<\/h2>\n\n\n\n<figure class=\"wp-block-table\"><table><tbody><tr><td>Couteau<\/td><\/tr><tr><td>\u00c9conome<\/td><\/tr><tr><td>Saladier<\/td><\/tr><tr><td>Casserole <em>(avec couvercle)<\/em><\/td><\/tr><tr><td>Fouet <em>(ou robot)<\/em><\/td><\/tr><tr><td>20 verrines<\/td><\/tr><\/tbody><\/table><\/figure>\n<\/div>\n<\/div>\n\n\n\n<h2 class=\"wp-block-heading\">Pr\u00e9paration <em>(\u00e0 faire dans l\u2019ordre)<\/em><\/h2>\n\n\n\n<div class=\"wp-block-columns are-vertically-aligned-center is-not-stacked-on-mobile is-layout-flex wp-container-core-columns-is-layout-28f84493 wp-block-columns-is-layout-flex\">\n<div class=\"wp-block-column is-vertically-aligned-center is-layout-flow wp-block-column-is-layout-flow\" style=\"flex-basis:5%\">\n<h2 class=\"wp-block-heading\">1<\/h2>\n<\/div>\n\n\n\n<div class=\"wp-block-column is-vertically-aligned-center is-layout-flow wp-block-column-is-layout-flow\" style=\"flex-basis:95%\">\n<p class=\"has-medium-font-size\">Frotter et rincer soigneusement les carottes, pour enlever toute terre ou sable, les \u00e9plucher<sup data-fn=\"ff57fb6b-b743-40b3-a1c6-0014edd07021\" class=\"fn\"><a href=\"#ff57fb6b-b743-40b3-a1c6-0014edd07021\" id=\"ff57fb6b-b743-40b3-a1c6-0014edd07021-link\">1<\/a><\/sup>.<\/p>\n<\/div>\n<\/div>\n\n\n\n<div class=\"wp-block-columns are-vertically-aligned-center is-not-stacked-on-mobile is-layout-flex wp-container-core-columns-is-layout-28f84493 wp-block-columns-is-layout-flex\">\n<div class=\"wp-block-column is-vertically-aligned-center is-layout-flow wp-block-column-is-layout-flow\" style=\"flex-basis:5%\">\n<h2 class=\"wp-block-heading\">2<\/h2>\n<\/div>\n\n\n\n<div class=\"wp-block-column is-vertically-aligned-center is-layout-flow wp-block-column-is-layout-flow\" style=\"flex-basis:95%\">\n<p class=\"has-medium-font-size\">D\u00e9couper les carottes en rondelles.<\/p>\n<\/div>\n<\/div>\n\n\n\n<div class=\"wp-block-columns are-vertically-aligned-center is-not-stacked-on-mobile is-layout-flex wp-container-core-columns-is-layout-28f84493 wp-block-columns-is-layout-flex\">\n<div class=\"wp-block-column is-vertically-aligned-center is-layout-flow wp-block-column-is-layout-flow\" style=\"flex-basis:5%\">\n<h2 class=\"wp-block-heading\">3<\/h2>\n<\/div>\n\n\n\n<div class=\"wp-block-column is-vertically-aligned-center is-layout-flow wp-block-column-is-layout-flow\" style=\"flex-basis:95%\">\n<p class=\"has-medium-font-size\">Lancer la cuisson des carottes \u00e0 l\u2019\u00e9touff\u00e9e, avec un fond d\u2019eau et du gingembre frais ou en poudre. Elles doivent \u00eatre assez tendres pour \u00eatre \u00e9cras\u00e9es en pur\u00e9e ou mix\u00e9es. Les laisser refroidir.<\/p>\n<\/div>\n<\/div>\n\n\n\n<div class=\"wp-block-columns are-vertically-aligned-center is-not-stacked-on-mobile is-layout-flex wp-container-core-columns-is-layout-28f84493 wp-block-columns-is-layout-flex\">\n<div class=\"wp-block-column is-vertically-aligned-center is-layout-flow wp-block-column-is-layout-flow\" style=\"flex-basis:5%\">\n<h2 class=\"wp-block-heading\">4<\/h2>\n<\/div>\n\n\n\n<div class=\"wp-block-column is-vertically-aligned-center is-layout-flow wp-block-column-is-layout-flow\" style=\"flex-basis:95%\">\n<p class=\"has-medium-font-size\">Couper la base du fenouil et l\u2019\u00e9plucher : retirer les fils principaux.<\/p>\n<\/div>\n<\/div>\n\n\n\n<div class=\"wp-block-columns are-vertically-aligned-center is-not-stacked-on-mobile is-layout-flex wp-container-core-columns-is-layout-28f84493 wp-block-columns-is-layout-flex\">\n<div class=\"wp-block-column is-vertically-aligned-center is-layout-flow wp-block-column-is-layout-flow\" style=\"flex-basis:5%\">\n<h2 class=\"wp-block-heading\">5<\/h2>\n<\/div>\n\n\n\n<div class=\"wp-block-column is-vertically-aligned-center is-layout-flow wp-block-column-is-layout-flow\" style=\"flex-basis:95%\">\n<p class=\"has-medium-font-size\">D\u00e9couper le fenouil en brunoise<em> (petits d\u00e9s)<\/em> : bulbes, tiges et fanes.<\/p>\n<\/div>\n<\/div>\n\n\n\n<div class=\"wp-block-columns are-vertically-aligned-center is-not-stacked-on-mobile is-layout-flex wp-container-core-columns-is-layout-28f84493 wp-block-columns-is-layout-flex\">\n<div class=\"wp-block-column is-vertically-aligned-center is-layout-flow wp-block-column-is-layout-flow\" style=\"flex-basis:5%\">\n<h2 class=\"wp-block-heading\">6<\/h2>\n<\/div>\n\n\n\n<div class=\"wp-block-column is-vertically-aligned-center is-layout-flow wp-block-column-is-layout-flow\" style=\"flex-basis:95%\">\n<p class=\"has-medium-font-size\">Dans le fond d\u2019un saladier, m\u00e9langer l\u2019huile d\u2019olive, le jus des citrons et le cumin en poudre. Ajouter et m\u00e9langer le fenouil.<\/p>\n<\/div>\n<\/div>\n\n\n\n<div class=\"wp-block-columns are-vertically-aligned-center is-not-stacked-on-mobile is-layout-flex wp-container-core-columns-is-layout-28f84493 wp-block-columns-is-layout-flex\">\n<div class=\"wp-block-column is-vertically-aligned-center is-layout-flow wp-block-column-is-layout-flow\" style=\"flex-basis:5%\">\n<h2 class=\"wp-block-heading\">7<\/h2>\n<\/div>\n\n\n\n<div class=\"wp-block-column is-vertically-aligned-center is-layout-flow wp-block-column-is-layout-flow\" style=\"flex-basis:95%\">\n<p class=\"has-medium-font-size\">Monter en neige l\u2019aquafaba des haricots, comme des blancs d\u2019\u0153ufs. Cela met un peu plus de temps que des \u0153ufs.<\/p>\n<\/div>\n<\/div>\n\n\n\n<div class=\"wp-block-columns are-vertically-aligned-center is-not-stacked-on-mobile is-layout-flex wp-container-core-columns-is-layout-28f84493 wp-block-columns-is-layout-flex\">\n<div class=\"wp-block-column is-vertically-aligned-center is-layout-flow wp-block-column-is-layout-flow\" style=\"flex-basis:5%\">\n<h2 class=\"wp-block-heading\">8<\/h2>\n<\/div>\n\n\n\n<div class=\"wp-block-column is-vertically-aligned-center is-layout-flow wp-block-column-is-layout-flow\" style=\"flex-basis:95%\">\n<p class=\"has-medium-font-size\">M\u00e9langer la mousse d\u2019aquafaba et la pur\u00e9e de carotte au gingembre et les r\u00e9partir dans des verrines.<\/p>\n<\/div>\n<\/div>\n\n\n\n<div class=\"wp-block-columns are-vertically-aligned-center is-not-stacked-on-mobile is-layout-flex wp-container-core-columns-is-layout-28f84493 wp-block-columns-is-layout-flex\">\n<div class=\"wp-block-column is-vertically-aligned-center is-layout-flow wp-block-column-is-layout-flow\" style=\"flex-basis:5%\">\n<h2 class=\"wp-block-heading\">9<\/h2>\n<\/div>\n\n\n\n<div class=\"wp-block-column is-vertically-aligned-center is-layout-flow wp-block-column-is-layout-flow\" style=\"flex-basis:95%\">\n<p class=\"has-medium-font-size\">Ajouter la brunoise de fenouil par-dessus et conserver au frais.<\/p>\n<\/div>\n<\/div>\n\n\n\n<hr class=\"wp-block-separator has-alpha-channel-opacity\"\/>\n\n\n<ol class=\"wp-block-footnotes\"><li id=\"ff57fb6b-b743-40b3-a1c6-0014edd07021\">Les \u00e9pluchures peuvent servir pour une autre recette <a href=\"#ff57fb6b-b743-40b3-a1c6-0014edd07021-link\" aria-label=\"Jump to footnote reference 1\">\u21a9\ufe0e<\/a><\/li><\/ol>","protected":false},"excerpt":{"rendered":"<p>Entr\u00e9e pour 20 personnes, environ 15 minutes de pr\u00e9paration : cette recette facile \u00e0 pr\u00e9parer saura vous ravir !<\/p>","protected":false},"author":4,"featured_media":0,"comment_status":"closed","ping_status":"","sticky":false,"template":"","format":"standard","meta":{"footnotes":"[{\"content\":\"Les \u00e9pluchures peuvent servir pour une autre recette\",\"id\":\"ff57fb6b-b743-40b3-a1c6-0014edd07021\"}]"},"categories":[20],"tags":[21],"class_list":["post-604","post","type-post","status-publish","format-standard","hentry","category-recettes","tag-recette"],"blocksy_meta":[],"yoast_head":"<!-- This site is optimized with the Yoast SEO plugin v27.2 - https:\/\/yoast.com\/product\/yoast-seo-wordpress\/ -->\n<title>Verrines de fenouil \u00e0 la marocaine - AFGES<\/title>\n<meta name=\"robots\" content=\"index, follow, max-snippet:-1, max-image-preview:large, max-video-preview:-1\" \/>\n<link rel=\"canonical\" href=\"https:\/\/afges.org\/en\/verrines-de-fenouil-a-la-marocaine\/\" \/>\n<meta property=\"og:locale\" content=\"en_US\" \/>\n<meta property=\"og:type\" content=\"article\" \/>\n<meta property=\"og:title\" content=\"Verrines de fenouil \u00e0 la marocaine - AFGES\" \/>\n<meta property=\"og:description\" content=\"Entr\u00e9e pour 20 personnes, environ 15 minutes de pr\u00e9paration : cette recette facile \u00e0 pr\u00e9parer saura vous ravir !\" \/>\n<meta property=\"og:url\" content=\"https:\/\/afges.org\/en\/verrines-de-fenouil-a-la-marocaine\/\" \/>\n<meta property=\"og:site_name\" content=\"AFGES\" \/>\n<meta property=\"article:publisher\" content=\"https:\/\/www.facebook.com\/AFGES\" \/>\n<meta property=\"article:author\" content=\"https:\/\/www.facebook.com\/agorae.strasbourg\" \/>\n<meta property=\"article:published_time\" content=\"2024-04-12T09:22:33+00:00\" \/>\n<meta property=\"article:modified_time\" content=\"2025-02-19T08:07:54+00:00\" \/>\n<meta name=\"author\" content=\"Thomas RODENSTEIN-SCHUBNEL\" \/>\n<meta name=\"twitter:card\" content=\"summary_large_image\" \/>\n<meta name=\"twitter:creator\" content=\"@https:\/\/x.com\/Agorae_Strasbg\" \/>\n<meta name=\"twitter:site\" content=\"@AFGES\" \/>\n<meta name=\"twitter:label1\" content=\"Written by\" \/>\n\t<meta name=\"twitter:data1\" content=\"Thomas RODENSTEIN-SCHUBNEL\" \/>\n\t<meta name=\"twitter:label2\" content=\"Est. reading time\" \/>\n\t<meta name=\"twitter:data2\" content=\"1 minute\" \/>\n<script type=\"application\/ld+json\" class=\"yoast-schema-graph\">{\"@context\":\"https:\/\/schema.org\",\"@graph\":[{\"@type\":\"Article\",\"@id\":\"https:\/\/afges.org\/en\/verrines-de-fenouil-a-la-marocaine\/#article\",\"isPartOf\":{\"@id\":\"https:\/\/afges.org\/en\/verrines-de-fenouil-a-la-marocaine\/\"},\"author\":{\"name\":\"Thomas RODENSTEIN-SCHUBNEL\",\"@id\":\"https:\/\/www.afges.org\/#\/schema\/person\/c9cc1b4e7d38c89695ff7c584467410d\"},\"headline\":\"Verrines de fenouil \u00e0 la marocaine\",\"datePublished\":\"2024-04-12T09:22:33+00:00\",\"dateModified\":\"2025-02-19T08:07:54+00:00\",\"mainEntityOfPage\":{\"@id\":\"https:\/\/afges.org\/en\/verrines-de-fenouil-a-la-marocaine\/\"},\"wordCount\":230,\"publisher\":{\"@id\":\"https:\/\/www.afges.org\/#organization\"},\"keywords\":[\"Recette\"],\"articleSection\":[\"Recettes\"],\"inLanguage\":\"en-US\"},{\"@type\":\"WebPage\",\"@id\":\"https:\/\/afges.org\/en\/verrines-de-fenouil-a-la-marocaine\/\",\"url\":\"https:\/\/afges.org\/en\/verrines-de-fenouil-a-la-marocaine\/\",\"name\":\"Verrines de fenouil \u00e0 la marocaine - AFGES\",\"isPartOf\":{\"@id\":\"https:\/\/www.afges.org\/#website\"},\"datePublished\":\"2024-04-12T09:22:33+00:00\",\"dateModified\":\"2025-02-19T08:07:54+00:00\",\"breadcrumb\":{\"@id\":\"https:\/\/afges.org\/en\/verrines-de-fenouil-a-la-marocaine\/#breadcrumb\"},\"inLanguage\":\"en-US\",\"potentialAction\":[{\"@type\":\"ReadAction\",\"target\":[\"https:\/\/afges.org\/en\/verrines-de-fenouil-a-la-marocaine\/\"]}]},{\"@type\":\"BreadcrumbList\",\"@id\":\"https:\/\/afges.org\/en\/verrines-de-fenouil-a-la-marocaine\/#breadcrumb\",\"itemListElement\":[{\"@type\":\"ListItem\",\"position\":1,\"name\":\"Accueil\",\"item\":\"https:\/\/www.afges.org\/\"},{\"@type\":\"ListItem\",\"position\":2,\"name\":\"Verrines de fenouil \u00e0 la marocaine\"}]},{\"@type\":\"WebSite\",\"@id\":\"https:\/\/www.afges.org\/#website\",\"url\":\"https:\/\/www.afges.org\/\",\"name\":\"AFGES, les \u00c9tudiant-e-s d\u2019Alsace\",\"description\":\"Les \u00c9tudiant-e-s d\u2019Alsace\",\"publisher\":{\"@id\":\"https:\/\/www.afges.org\/#organization\"},\"potentialAction\":[{\"@type\":\"SearchAction\",\"target\":{\"@type\":\"EntryPoint\",\"urlTemplate\":\"https:\/\/www.afges.org\/?s={search_term_string}\"},\"query-input\":{\"@type\":\"PropertyValueSpecification\",\"valueRequired\":true,\"valueName\":\"search_term_string\"}}],\"inLanguage\":\"en-US\"},{\"@type\":\"Organization\",\"@id\":\"https:\/\/www.afges.org\/#organization\",\"name\":\"AFGES, les \u00c9tudiant-e-s d\u2019Alsace\",\"url\":\"https:\/\/www.afges.org\/\",\"logo\":{\"@type\":\"ImageObject\",\"inLanguage\":\"en-US\",\"@id\":\"https:\/\/www.afges.org\/#\/schema\/logo\/image\/\",\"url\":\"\/wp-content\/uploads\/2025\/08\/Logo-AFGES-Orange-scaled.png\",\"contentUrl\":\"\/wp-content\/uploads\/2025\/08\/Logo-AFGES-Orange-scaled.png\",\"width\":2302,\"height\":2560,\"caption\":\"AFGES, les \u00c9tudiant-e-s d\u2019Alsace\"},\"image\":{\"@id\":\"https:\/\/www.afges.org\/#\/schema\/logo\/image\/\"},\"sameAs\":[\"https:\/\/www.facebook.com\/AFGES\",\"https:\/\/x.com\/AFGES\"]},{\"@type\":\"Person\",\"@id\":\"https:\/\/www.afges.org\/#\/schema\/person\/c9cc1b4e7d38c89695ff7c584467410d\",\"name\":\"Thomas RODENSTEIN-SCHUBNEL\",\"description\":\"Charg\u00e9 de Mission AGORA\u00e9 (salari\u00e9) de l'AFGES\",\"sameAs\":[\"https:\/\/afges.org\/agorae\/\",\"https:\/\/www.facebook.com\/agorae.strasbourg\",\"https:\/\/www.instagram.com\/agorae_strasbg\/\",\"https:\/\/x.com\/https:\/\/x.com\/Agorae_Strasbg\"],\"url\":\"https:\/\/interne.afges.org\/en\/author\/t-schubnel\/\"}]}<\/script>\n<!-- \/ Yoast SEO plugin. -->","yoast_head_json":{"title":"Verrines de fenouil \u00e0 la marocaine - AFGES","robots":{"index":"index","follow":"follow","max-snippet":"max-snippet:-1","max-image-preview":"max-image-preview:large","max-video-preview":"max-video-preview:-1"},"canonical":"https:\/\/afges.org\/en\/verrines-de-fenouil-a-la-marocaine\/","og_locale":"en_US","og_type":"article","og_title":"Verrines de fenouil \u00e0 la marocaine - AFGES","og_description":"Entr\u00e9e pour 20 personnes, environ 15 minutes de pr\u00e9paration : cette recette facile \u00e0 pr\u00e9parer saura vous ravir !","og_url":"https:\/\/afges.org\/en\/verrines-de-fenouil-a-la-marocaine\/","og_site_name":"AFGES","article_publisher":"https:\/\/www.facebook.com\/AFGES","article_author":"https:\/\/www.facebook.com\/agorae.strasbourg","article_published_time":"2024-04-12T09:22:33+00:00","article_modified_time":"2025-02-19T08:07:54+00:00","author":"Thomas RODENSTEIN-SCHUBNEL","twitter_card":"summary_large_image","twitter_creator":"@https:\/\/x.com\/Agorae_Strasbg","twitter_site":"@AFGES","twitter_misc":{"Written by":"Thomas RODENSTEIN-SCHUBNEL","Est. reading time":"1 minute"},"schema":{"@context":"https:\/\/schema.org","@graph":[{"@type":"Article","@id":"https:\/\/afges.org\/en\/verrines-de-fenouil-a-la-marocaine\/#article","isPartOf":{"@id":"https:\/\/afges.org\/en\/verrines-de-fenouil-a-la-marocaine\/"},"author":{"name":"Thomas RODENSTEIN-SCHUBNEL","@id":"https:\/\/www.afges.org\/#\/schema\/person\/c9cc1b4e7d38c89695ff7c584467410d"},"headline":"Verrines de fenouil \u00e0 la marocaine","datePublished":"2024-04-12T09:22:33+00:00","dateModified":"2025-02-19T08:07:54+00:00","mainEntityOfPage":{"@id":"https:\/\/afges.org\/en\/verrines-de-fenouil-a-la-marocaine\/"},"wordCount":230,"publisher":{"@id":"https:\/\/www.afges.org\/#organization"},"keywords":["Recette"],"articleSection":["Recettes"],"inLanguage":"en-US"},{"@type":"WebPage","@id":"https:\/\/afges.org\/en\/verrines-de-fenouil-a-la-marocaine\/","url":"https:\/\/afges.org\/en\/verrines-de-fenouil-a-la-marocaine\/","name":"Verrines de fenouil \u00e0 la marocaine - AFGES","isPartOf":{"@id":"https:\/\/www.afges.org\/#website"},"datePublished":"2024-04-12T09:22:33+00:00","dateModified":"2025-02-19T08:07:54+00:00","breadcrumb":{"@id":"https:\/\/afges.org\/en\/verrines-de-fenouil-a-la-marocaine\/#breadcrumb"},"inLanguage":"en-US","potentialAction":[{"@type":"ReadAction","target":["https:\/\/afges.org\/en\/verrines-de-fenouil-a-la-marocaine\/"]}]},{"@type":"BreadcrumbList","@id":"https:\/\/afges.org\/en\/verrines-de-fenouil-a-la-marocaine\/#breadcrumb","itemListElement":[{"@type":"ListItem","position":1,"name":"Accueil","item":"https:\/\/www.afges.org\/"},{"@type":"ListItem","position":2,"name":"Verrines de fenouil \u00e0 la marocaine"}]},{"@type":"WebSite","@id":"https:\/\/www.afges.org\/#website","url":"https:\/\/www.afges.org\/","name":"AFGES, les \u00c9tudiant-e-s d\u2019Alsace","description":"Les \u00c9tudiant-e-s d\u2019Alsace","publisher":{"@id":"https:\/\/www.afges.org\/#organization"},"potentialAction":[{"@type":"SearchAction","target":{"@type":"EntryPoint","urlTemplate":"https:\/\/www.afges.org\/?s={search_term_string}"},"query-input":{"@type":"PropertyValueSpecification","valueRequired":true,"valueName":"search_term_string"}}],"inLanguage":"en-US"},{"@type":"Organization","@id":"https:\/\/www.afges.org\/#organization","name":"AFGES, les \u00c9tudiant-e-s d\u2019Alsace","url":"https:\/\/www.afges.org\/","logo":{"@type":"ImageObject","inLanguage":"en-US","@id":"https:\/\/www.afges.org\/#\/schema\/logo\/image\/","url":"\/wp-content\/uploads\/2025\/08\/Logo-AFGES-Orange-scaled.png","contentUrl":"\/wp-content\/uploads\/2025\/08\/Logo-AFGES-Orange-scaled.png","width":2302,"height":2560,"caption":"AFGES, les \u00c9tudiant-e-s d\u2019Alsace"},"image":{"@id":"https:\/\/www.afges.org\/#\/schema\/logo\/image\/"},"sameAs":["https:\/\/www.facebook.com\/AFGES","https:\/\/x.com\/AFGES"]},{"@type":"Person","@id":"https:\/\/www.afges.org\/#\/schema\/person\/c9cc1b4e7d38c89695ff7c584467410d","name":"Thomas RODENSTEIN-SCHUBNEL","description":"Charg\u00e9 de Mission AGORA\u00e9 (salari\u00e9) de l'AFGES","sameAs":["https:\/\/afges.org\/agorae\/","https:\/\/www.facebook.com\/agorae.strasbourg","https:\/\/www.instagram.com\/agorae_strasbg\/","https:\/\/x.com\/https:\/\/x.com\/Agorae_Strasbg"],"url":"https:\/\/interne.afges.org\/en\/author\/t-schubnel\/"}]}},"_links":{"self":[{"href":"https:\/\/interne.afges.org\/en\/wp-json\/wp\/v2\/posts\/604","targetHints":{"allow":["GET"]}}],"collection":[{"href":"https:\/\/interne.afges.org\/en\/wp-json\/wp\/v2\/posts"}],"about":[{"href":"https:\/\/interne.afges.org\/en\/wp-json\/wp\/v2\/types\/post"}],"author":[{"embeddable":true,"href":"https:\/\/interne.afges.org\/en\/wp-json\/wp\/v2\/users\/4"}],"replies":[{"embeddable":true,"href":"https:\/\/interne.afges.org\/en\/wp-json\/wp\/v2\/comments?post=604"}],"version-history":[{"count":15,"href":"https:\/\/interne.afges.org\/en\/wp-json\/wp\/v2\/posts\/604\/revisions"}],"predecessor-version":[{"id":634,"href":"https:\/\/interne.afges.org\/en\/wp-json\/wp\/v2\/posts\/604\/revisions\/634"}],"wp:attachment":[{"href":"https:\/\/interne.afges.org\/en\/wp-json\/wp\/v2\/media?parent=604"}],"wp:term":[{"taxonomy":"category","embeddable":true,"href":"https:\/\/interne.afges.org\/en\/wp-json\/wp\/v2\/categories?post=604"},{"taxonomy":"post_tag","embeddable":true,"href":"https:\/\/interne.afges.org\/en\/wp-json\/wp\/v2\/tags?post=604"}],"curies":[{"name":"wp","href":"https:\/\/api.w.org\/{rel}","templated":true}]}}