{"id":399,"date":"2023-11-11T11:00:00","date_gmt":"2023-11-11T10:00:00","guid":{"rendered":"https:\/\/afges.org\/?p=399"},"modified":"2023-11-10T17:59:57","modified_gmt":"2023-11-10T16:59:57","slug":"atelier-lactofermentation","status":"publish","type":"post","link":"https:\/\/interne.afges.org\/en\/atelier-lactofermentation\/","title":{"rendered":"Atelier gratuit sur la lactofermentation"},"content":{"rendered":"<p>Hey, on a une surprise pour vous !&nbsp; Nous vous invitons, en collaboration avec l\u2019association <a href=\"https:\/\/www.instagram.com\/lesretoquesconserverie\/\"><strong>@lesretoquesconserverie<\/strong><\/a>, \u00e0 un Atelier de lactofermentation le mercredi 15 novembre 2023 !&nbsp;<\/p>\n\n\n\n<h2 class=\"wp-block-heading\">Le principe<\/h2>\n\n\n\n<p>\u00c7a se passera aux <strong><a href=\"https:\/\/www.instagram.com\/lpc_strasbourg\/\">Petites Cantines de Strasbourg<\/a><\/strong>, de 17h30 \u00e0 20h00. Au cours de cet atelier nous vous proposons une initiation \u00e0 la lactofermentation ! Venez d\u00e9couvrir cette technique de conservation alimentaire de longue dur\u00e9e, qui ne requiert ni st\u00e9rilisation ni cong\u00e9lation. Elle permet non seulement de pr\u00e9server les vitamines et les min\u00e9raux des l\u00e9gumes, mais elle d\u00e9cuple aussi leur valeur nutritive ! Vous repartirez avec vos propres bocaux \u00e0 faire fermenter et \u00e0 d\u00e9guster \ud83d\ude09<\/p>\n\n\n\n<p><strong>IMPORTANT : pensez \u00e0 ramener des bocaux propres !<\/strong><\/p>\n\n\n\n<h2 class=\"wp-block-heading\">Comment participer ?<\/h2>\n\n\n\n<p>C\u2019est <strong>gratuit<\/strong> sur inscription dans la limite des places disponibles, et c\u2019est par ici que \u00e7a se passe :<\/p>\n\n\n\n<div class=\"wp-block-buttons is-content-justification-center is-layout-flex wp-container-core-buttons-is-layout-a89b3969 wp-block-buttons-is-layout-flex\">\n<div class=\"wp-block-button\"><a class=\"wp-block-button__link wp-element-button\" href=\"https:\/\/www.helloasso.com\/associations\/les-retoques-conserverie-de-strasbourg\/evenements\/atelier-de-lactofermentation\" target=\"_blank\" rel=\"noreferrer noopener\">S&rsquo;inscrire \u00e0 l&rsquo;atelier<\/a><\/div>\n<\/div>\n\n\n\n<h2 class=\"wp-block-heading\">Les Retoqu\u00e9s : vous connaissez ?<\/h2>\n\n\n\n<p>L\u2019atelier est r\u00e9alis\u00e9 par <strong>Les Retoqu\u00e9s<\/strong>, association luttant contre le gaspillage alimentaire. Avec l&rsquo;ambition de changer le monde un l\u00e9gume \u00e0 la fois, elle propose des ateliers de sensibilisation tous publics et produit des conserves de fruits et l\u00e9gumes moches r\u00e9cup\u00e9r\u00e9s directement aupr\u00e8s des producteurs locaux.<\/p>\n\n\n\n<p><strong>Alors, qui est-ce que \u00e7a int\u00e9resse ?<\/strong>&nbsp;<\/p>\n\n\n\n<p>Pour terminer, nous adressons un grand merci \u00e0 tous les partenaires qui nous permettent de vous proposer ce superbe \u00e9v\u00e9nement !<\/p>\n\n\n\n<div class=\"wp-block-columns is-layout-flex wp-container-core-columns-is-layout-28f84493 wp-block-columns-is-layout-flex\">\n<div class=\"wp-block-column is-layout-flow wp-block-column-is-layout-flow\">\n<figure class=\"wp-block-image size-large\"><img fetchpriority=\"high\" decoding=\"async\" width=\"1024\" height=\"1024\" src=\"https:\/\/afges-5cca4c5fba20859e1c54-endpoint.azureedge.net\/blobafges5cad94816c\/wp-content\/uploads\/2023\/11\/Publi-RS-atelier-anti-gaspi_a-completer_format-carre-Instagram_partenaires-1024x1024.jpg\" alt=\"\" class=\"wp-image-402\" srcset=\"\/wp-content\/uploads\/2023\/11\/Publi-RS-atelier-anti-gaspi_a-completer_format-carre-Instagram_partenaires-1024x1024.jpg 1024w, \/wp-content\/uploads\/2023\/11\/Publi-RS-atelier-anti-gaspi_a-completer_format-carre-Instagram_partenaires-300x300.jpg 300w, \/wp-content\/uploads\/2023\/11\/Publi-RS-atelier-anti-gaspi_a-completer_format-carre-Instagram_partenaires-150x150.jpg 150w, \/wp-content\/uploads\/2023\/11\/Publi-RS-atelier-anti-gaspi_a-completer_format-carre-Instagram_partenaires-768x768.jpg 768w, \/wp-content\/uploads\/2023\/11\/Publi-RS-atelier-anti-gaspi_a-completer_format-carre-Instagram_partenaires.jpg 1080w\" sizes=\"(max-width: 1024px) 100vw, 1024px\" \/><\/figure>\n<\/div>\n\n\n\n<div class=\"wp-block-column is-layout-flow wp-block-column-is-layout-flow\">\n<p><a href=\"https:\/\/instagram.com\/lesretoquesconserverie\/\">@lesretoquesconserverie<\/a><br><a href=\"https:\/\/instagram.com\/afges_officiel\/\">@afges_officiel<\/a>\u00a0\/\u00a0<a href=\"https:\/\/instagram.com\/agorae_strasbg\/\">@agorae_strasbg<\/a><br><a href=\"https:\/\/instagram.com\/macifassurances\/\">@macifassurances<\/a><br><a href=\"https:\/\/instagram.com\/lpc_strasbourg\/\">@lpc_strasbourg<\/a><\/p>\n<\/div>\n<\/div>","protected":false},"excerpt":{"rendered":"<p>Hey, on a une surprise pour vous !&nbsp; Nous vous invitons, en collaboration avec l\u2019association @lesretoquesconserverie, \u00e0 un Atelier de lactofermentation le mercredi 15 novembre 2023 !&nbsp; Le principe \u00c7a se passera aux Petites Cantines de Strasbourg, de 17h30 \u00e0 20h00. Au cours de cet atelier nous vous proposons une initiation \u00e0 la lactofermentation ! [&hellip;]<\/p>\n","protected":false},"author":4,"featured_media":400,"comment_status":"closed","ping_status":"closed","sticky":false,"template":"","format":"standard","meta":{"footnotes":""},"categories":[5],"tags":[17],"class_list":["post-399","post","type-post","status-publish","format-standard","has-post-thumbnail","hentry","category-agorae","tag-evenement"],"blocksy_meta":[],"yoast_head":"<!-- This site is optimized with the Yoast SEO plugin v27.2 - https:\/\/yoast.com\/product\/yoast-seo-wordpress\/ -->\n<title>Atelier gratuit sur la lactofermentation - AFGES<\/title>\n<meta name=\"robots\" content=\"index, follow, max-snippet:-1, max-image-preview:large, max-video-preview:-1\" \/>\n<link rel=\"canonical\" href=\"https:\/\/afges.org\/atelier-lactofermentation\/\" \/>\n<meta property=\"og:locale\" content=\"en_US\" \/>\n<meta property=\"og:type\" content=\"article\" \/>\n<meta property=\"og:title\" content=\"Atelier gratuit sur la lactofermentation - AFGES\" \/>\n<meta property=\"og:description\" content=\"Hey, on a une surprise pour vous !&nbsp; Nous vous invitons, en collaboration avec l\u2019association @lesretoquesconserverie, \u00e0 un Atelier de lactofermentation le mercredi 15 novembre 2023 !&nbsp; Le principe \u00c7a se passera aux Petites Cantines de Strasbourg, de 17h30 \u00e0 20h00. Au cours de cet atelier nous vous proposons une initiation \u00e0 la lactofermentation ! [&hellip;]\" \/>\n<meta property=\"og:url\" content=\"https:\/\/afges.org\/atelier-lactofermentation\/\" \/>\n<meta property=\"og:site_name\" content=\"AFGES\" \/>\n<meta property=\"article:publisher\" content=\"https:\/\/www.facebook.com\/AFGES\" \/>\n<meta property=\"article:author\" content=\"https:\/\/www.facebook.com\/agorae.strasbourg\" \/>\n<meta property=\"article:published_time\" content=\"2023-11-11T10:00:00+00:00\" \/>\n<meta property=\"og:image\" content=\"https:\/\/interne.afges.org\/wp-content\/uploads\/2023\/11\/Publi-RS-atelier-lactofermentation_format-evenement-Facebook.jpg\" \/>\n\t<meta property=\"og:image:width\" content=\"1200\" \/>\n\t<meta property=\"og:image:height\" content=\"628\" \/>\n\t<meta property=\"og:image:type\" content=\"image\/jpeg\" \/>\n<meta name=\"author\" content=\"Thomas RODENSTEIN-SCHUBNEL\" \/>\n<meta name=\"twitter:card\" content=\"summary_large_image\" \/>\n<meta name=\"twitter:creator\" content=\"@https:\/\/x.com\/Agorae_Strasbg\" \/>\n<meta name=\"twitter:site\" content=\"@AFGES\" \/>\n<meta name=\"twitter:label1\" content=\"Written by\" \/>\n\t<meta name=\"twitter:data1\" content=\"Thomas RODENSTEIN-SCHUBNEL\" \/>\n\t<meta name=\"twitter:label2\" content=\"Est. reading time\" \/>\n\t<meta name=\"twitter:data2\" content=\"1 minute\" \/>\n<script type=\"application\/ld+json\" class=\"yoast-schema-graph\">{\"@context\":\"https:\/\/schema.org\",\"@graph\":[{\"@type\":\"Article\",\"@id\":\"https:\/\/afges.org\/atelier-lactofermentation\/#article\",\"isPartOf\":{\"@id\":\"https:\/\/afges.org\/atelier-lactofermentation\/\"},\"author\":{\"name\":\"Thomas RODENSTEIN-SCHUBNEL\",\"@id\":\"https:\/\/www.afges.org\/#\/schema\/person\/c9cc1b4e7d38c89695ff7c584467410d\"},\"headline\":\"Atelier gratuit sur la lactofermentation\",\"datePublished\":\"2023-11-11T10:00:00+00:00\",\"mainEntityOfPage\":{\"@id\":\"https:\/\/afges.org\/atelier-lactofermentation\/\"},\"wordCount\":239,\"publisher\":{\"@id\":\"https:\/\/www.afges.org\/#organization\"},\"image\":{\"@id\":\"https:\/\/afges.org\/atelier-lactofermentation\/#primaryimage\"},\"thumbnailUrl\":\"\/wp-content\/uploads\/2023\/11\/Publi-RS-atelier-lactofermentation_format-evenement-Facebook.jpg\",\"keywords\":[\"\u00c9v\u00e9nement\"],\"articleSection\":[\"AGORA\u00e9\"],\"inLanguage\":\"en-US\"},{\"@type\":\"WebPage\",\"@id\":\"https:\/\/afges.org\/atelier-lactofermentation\/\",\"url\":\"https:\/\/afges.org\/atelier-lactofermentation\/\",\"name\":\"Atelier gratuit sur la lactofermentation - AFGES\",\"isPartOf\":{\"@id\":\"https:\/\/www.afges.org\/#website\"},\"primaryImageOfPage\":{\"@id\":\"https:\/\/afges.org\/atelier-lactofermentation\/#primaryimage\"},\"image\":{\"@id\":\"https:\/\/afges.org\/atelier-lactofermentation\/#primaryimage\"},\"thumbnailUrl\":\"\/wp-content\/uploads\/2023\/11\/Publi-RS-atelier-lactofermentation_format-evenement-Facebook.jpg\",\"datePublished\":\"2023-11-11T10:00:00+00:00\",\"breadcrumb\":{\"@id\":\"https:\/\/afges.org\/atelier-lactofermentation\/#breadcrumb\"},\"inLanguage\":\"en-US\",\"potentialAction\":[{\"@type\":\"ReadAction\",\"target\":[\"https:\/\/afges.org\/atelier-lactofermentation\/\"]}]},{\"@type\":\"ImageObject\",\"inLanguage\":\"en-US\",\"@id\":\"https:\/\/afges.org\/atelier-lactofermentation\/#primaryimage\",\"url\":\"\/wp-content\/uploads\/2023\/11\/Publi-RS-atelier-lactofermentation_format-evenement-Facebook.jpg\",\"contentUrl\":\"\/wp-content\/uploads\/2023\/11\/Publi-RS-atelier-lactofermentation_format-evenement-Facebook.jpg\",\"width\":1200,\"height\":628},{\"@type\":\"BreadcrumbList\",\"@id\":\"https:\/\/afges.org\/atelier-lactofermentation\/#breadcrumb\",\"itemListElement\":[{\"@type\":\"ListItem\",\"position\":1,\"name\":\"Accueil\",\"item\":\"https:\/\/www.afges.org\/\"},{\"@type\":\"ListItem\",\"position\":2,\"name\":\"Atelier gratuit sur la lactofermentation\"}]},{\"@type\":\"WebSite\",\"@id\":\"https:\/\/www.afges.org\/#website\",\"url\":\"https:\/\/www.afges.org\/\",\"name\":\"AFGES, les \u00c9tudiant-e-s d\u2019Alsace\",\"description\":\"Les \u00c9tudiant-e-s d\u2019Alsace\",\"publisher\":{\"@id\":\"https:\/\/www.afges.org\/#organization\"},\"potentialAction\":[{\"@type\":\"SearchAction\",\"target\":{\"@type\":\"EntryPoint\",\"urlTemplate\":\"https:\/\/www.afges.org\/?s={search_term_string}\"},\"query-input\":{\"@type\":\"PropertyValueSpecification\",\"valueRequired\":true,\"valueName\":\"search_term_string\"}}],\"inLanguage\":\"en-US\"},{\"@type\":\"Organization\",\"@id\":\"https:\/\/www.afges.org\/#organization\",\"name\":\"AFGES, les \u00c9tudiant-e-s d\u2019Alsace\",\"url\":\"https:\/\/www.afges.org\/\",\"logo\":{\"@type\":\"ImageObject\",\"inLanguage\":\"en-US\",\"@id\":\"https:\/\/www.afges.org\/#\/schema\/logo\/image\/\",\"url\":\"\/wp-content\/uploads\/2025\/08\/Logo-AFGES-Orange-scaled.png\",\"contentUrl\":\"\/wp-content\/uploads\/2025\/08\/Logo-AFGES-Orange-scaled.png\",\"width\":2302,\"height\":2560,\"caption\":\"AFGES, les \u00c9tudiant-e-s d\u2019Alsace\"},\"image\":{\"@id\":\"https:\/\/www.afges.org\/#\/schema\/logo\/image\/\"},\"sameAs\":[\"https:\/\/www.facebook.com\/AFGES\",\"https:\/\/x.com\/AFGES\"]},{\"@type\":\"Person\",\"@id\":\"https:\/\/www.afges.org\/#\/schema\/person\/c9cc1b4e7d38c89695ff7c584467410d\",\"name\":\"Thomas RODENSTEIN-SCHUBNEL\",\"description\":\"Charg\u00e9 de Mission AGORA\u00e9 (salari\u00e9) de l'AFGES\",\"sameAs\":[\"https:\/\/afges.org\/agorae\/\",\"https:\/\/www.facebook.com\/agorae.strasbourg\",\"https:\/\/www.instagram.com\/agorae_strasbg\/\",\"https:\/\/x.com\/https:\/\/x.com\/Agorae_Strasbg\"],\"url\":\"https:\/\/interne.afges.org\/en\/author\/t-schubnel\/\"}]}<\/script>\n<!-- \/ Yoast SEO plugin. -->","yoast_head_json":{"title":"Atelier gratuit sur la lactofermentation - AFGES","robots":{"index":"index","follow":"follow","max-snippet":"max-snippet:-1","max-image-preview":"max-image-preview:large","max-video-preview":"max-video-preview:-1"},"canonical":"https:\/\/afges.org\/atelier-lactofermentation\/","og_locale":"en_US","og_type":"article","og_title":"Atelier gratuit sur la lactofermentation - AFGES","og_description":"Hey, on a une surprise pour vous !&nbsp; Nous vous invitons, en collaboration avec l\u2019association @lesretoquesconserverie, \u00e0 un Atelier de lactofermentation le mercredi 15 novembre 2023 !&nbsp; Le principe \u00c7a se passera aux Petites Cantines de Strasbourg, de 17h30 \u00e0 20h00. Au cours de cet atelier nous vous proposons une initiation \u00e0 la lactofermentation ! [&hellip;]","og_url":"https:\/\/afges.org\/atelier-lactofermentation\/","og_site_name":"AFGES","article_publisher":"https:\/\/www.facebook.com\/AFGES","article_author":"https:\/\/www.facebook.com\/agorae.strasbourg","article_published_time":"2023-11-11T10:00:00+00:00","og_image":[{"width":1200,"height":628,"url":"https:\/\/interne.afges.org\/wp-content\/uploads\/2023\/11\/Publi-RS-atelier-lactofermentation_format-evenement-Facebook.jpg","type":"image\/jpeg"}],"author":"Thomas RODENSTEIN-SCHUBNEL","twitter_card":"summary_large_image","twitter_creator":"@https:\/\/x.com\/Agorae_Strasbg","twitter_site":"@AFGES","twitter_misc":{"Written by":"Thomas RODENSTEIN-SCHUBNEL","Est. reading time":"1 minute"},"schema":{"@context":"https:\/\/schema.org","@graph":[{"@type":"Article","@id":"https:\/\/afges.org\/atelier-lactofermentation\/#article","isPartOf":{"@id":"https:\/\/afges.org\/atelier-lactofermentation\/"},"author":{"name":"Thomas RODENSTEIN-SCHUBNEL","@id":"https:\/\/www.afges.org\/#\/schema\/person\/c9cc1b4e7d38c89695ff7c584467410d"},"headline":"Atelier gratuit sur la lactofermentation","datePublished":"2023-11-11T10:00:00+00:00","mainEntityOfPage":{"@id":"https:\/\/afges.org\/atelier-lactofermentation\/"},"wordCount":239,"publisher":{"@id":"https:\/\/www.afges.org\/#organization"},"image":{"@id":"https:\/\/afges.org\/atelier-lactofermentation\/#primaryimage"},"thumbnailUrl":"\/wp-content\/uploads\/2023\/11\/Publi-RS-atelier-lactofermentation_format-evenement-Facebook.jpg","keywords":["\u00c9v\u00e9nement"],"articleSection":["AGORA\u00e9"],"inLanguage":"en-US"},{"@type":"WebPage","@id":"https:\/\/afges.org\/atelier-lactofermentation\/","url":"https:\/\/afges.org\/atelier-lactofermentation\/","name":"Atelier gratuit sur la lactofermentation - AFGES","isPartOf":{"@id":"https:\/\/www.afges.org\/#website"},"primaryImageOfPage":{"@id":"https:\/\/afges.org\/atelier-lactofermentation\/#primaryimage"},"image":{"@id":"https:\/\/afges.org\/atelier-lactofermentation\/#primaryimage"},"thumbnailUrl":"\/wp-content\/uploads\/2023\/11\/Publi-RS-atelier-lactofermentation_format-evenement-Facebook.jpg","datePublished":"2023-11-11T10:00:00+00:00","breadcrumb":{"@id":"https:\/\/afges.org\/atelier-lactofermentation\/#breadcrumb"},"inLanguage":"en-US","potentialAction":[{"@type":"ReadAction","target":["https:\/\/afges.org\/atelier-lactofermentation\/"]}]},{"@type":"ImageObject","inLanguage":"en-US","@id":"https:\/\/afges.org\/atelier-lactofermentation\/#primaryimage","url":"\/wp-content\/uploads\/2023\/11\/Publi-RS-atelier-lactofermentation_format-evenement-Facebook.jpg","contentUrl":"\/wp-content\/uploads\/2023\/11\/Publi-RS-atelier-lactofermentation_format-evenement-Facebook.jpg","width":1200,"height":628},{"@type":"BreadcrumbList","@id":"https:\/\/afges.org\/atelier-lactofermentation\/#breadcrumb","itemListElement":[{"@type":"ListItem","position":1,"name":"Accueil","item":"https:\/\/www.afges.org\/"},{"@type":"ListItem","position":2,"name":"Atelier gratuit sur la lactofermentation"}]},{"@type":"WebSite","@id":"https:\/\/www.afges.org\/#website","url":"https:\/\/www.afges.org\/","name":"AFGES, les \u00c9tudiant-e-s d\u2019Alsace","description":"Les \u00c9tudiant-e-s d\u2019Alsace","publisher":{"@id":"https:\/\/www.afges.org\/#organization"},"potentialAction":[{"@type":"SearchAction","target":{"@type":"EntryPoint","urlTemplate":"https:\/\/www.afges.org\/?s={search_term_string}"},"query-input":{"@type":"PropertyValueSpecification","valueRequired":true,"valueName":"search_term_string"}}],"inLanguage":"en-US"},{"@type":"Organization","@id":"https:\/\/www.afges.org\/#organization","name":"AFGES, les \u00c9tudiant-e-s d\u2019Alsace","url":"https:\/\/www.afges.org\/","logo":{"@type":"ImageObject","inLanguage":"en-US","@id":"https:\/\/www.afges.org\/#\/schema\/logo\/image\/","url":"\/wp-content\/uploads\/2025\/08\/Logo-AFGES-Orange-scaled.png","contentUrl":"\/wp-content\/uploads\/2025\/08\/Logo-AFGES-Orange-scaled.png","width":2302,"height":2560,"caption":"AFGES, les \u00c9tudiant-e-s d\u2019Alsace"},"image":{"@id":"https:\/\/www.afges.org\/#\/schema\/logo\/image\/"},"sameAs":["https:\/\/www.facebook.com\/AFGES","https:\/\/x.com\/AFGES"]},{"@type":"Person","@id":"https:\/\/www.afges.org\/#\/schema\/person\/c9cc1b4e7d38c89695ff7c584467410d","name":"Thomas RODENSTEIN-SCHUBNEL","description":"Charg\u00e9 de Mission AGORA\u00e9 (salari\u00e9) de l'AFGES","sameAs":["https:\/\/afges.org\/agorae\/","https:\/\/www.facebook.com\/agorae.strasbourg","https:\/\/www.instagram.com\/agorae_strasbg\/","https:\/\/x.com\/https:\/\/x.com\/Agorae_Strasbg"],"url":"https:\/\/interne.afges.org\/en\/author\/t-schubnel\/"}]}},"_links":{"self":[{"href":"https:\/\/interne.afges.org\/en\/wp-json\/wp\/v2\/posts\/399","targetHints":{"allow":["GET"]}}],"collection":[{"href":"https:\/\/interne.afges.org\/en\/wp-json\/wp\/v2\/posts"}],"about":[{"href":"https:\/\/interne.afges.org\/en\/wp-json\/wp\/v2\/types\/post"}],"author":[{"embeddable":true,"href":"https:\/\/interne.afges.org\/en\/wp-json\/wp\/v2\/users\/4"}],"replies":[{"embeddable":true,"href":"https:\/\/interne.afges.org\/en\/wp-json\/wp\/v2\/comments?post=399"}],"version-history":[{"count":2,"href":"https:\/\/interne.afges.org\/en\/wp-json\/wp\/v2\/posts\/399\/revisions"}],"predecessor-version":[{"id":403,"href":"https:\/\/interne.afges.org\/en\/wp-json\/wp\/v2\/posts\/399\/revisions\/403"}],"wp:featuredmedia":[{"embeddable":true,"href":"https:\/\/interne.afges.org\/en\/wp-json\/wp\/v2\/media\/400"}],"wp:attachment":[{"href":"https:\/\/interne.afges.org\/en\/wp-json\/wp\/v2\/media?parent=399"}],"wp:term":[{"taxonomy":"category","embeddable":true,"href":"https:\/\/interne.afges.org\/en\/wp-json\/wp\/v2\/categories?post=399"},{"taxonomy":"post_tag","embeddable":true,"href":"https:\/\/interne.afges.org\/en\/wp-json\/wp\/v2\/tags?post=399"}],"curies":[{"name":"wp","href":"https:\/\/api.w.org\/{rel}","templated":true}]}}