{"id":173,"date":"2023-02-18T11:45:02","date_gmt":"2023-02-18T10:45:02","guid":{"rendered":"https:\/\/dev.afges.org\/?p=173"},"modified":"2023-10-12T11:03:40","modified_gmt":"2023-10-12T09:03:40","slug":"les-10-ans-de-lagorae-esplanade","status":"publish","type":"post","link":"https:\/\/interne.afges.org\/en\/les-10-ans-de-lagorae-esplanade\/","title":{"rendered":"Les 10 ans de l&#039;AGORA\u00e9 Esplanade"},"content":{"rendered":"<h4 class=\"wp-block-heading\">Le 26 janvier 2023 a eu lieu la c\u00e9r\u00e9monie d&rsquo;anniversaire des 10 ans de l&rsquo;AGORA\u00e9 Esplanade.<\/h4>\n\n\n\n<p>\u00c0 cette occasion, l&rsquo;AFGES a r\u00e9alis\u00e9 une vid\u00e9o de pr\u00e9sentation des AGORA\u00e9.<\/p>\n\n\n\n<figure class=\"wp-block-embed is-type-video is-provider-youtube wp-block-embed-youtube wp-embed-aspect-16-9 wp-has-aspect-ratio\"><div class=\"wp-block-embed__wrapper\">\n<iframe title=\"AFGES AGORAe Video Pr\u00e9sentation 2023\" width=\"1290\" height=\"726\" src=\"https:\/\/www.youtube.com\/embed\/SL-mpnC5QSY?feature=oembed\" frameborder=\"0\" allow=\"accelerometer; autoplay; clipboard-write; encrypted-media; gyroscope; picture-in-picture; web-share\" allowfullscreen><\/iframe>\n<\/div><\/figure>\n\n\n<p><!--vcv no format--><!-- vcwb\/dynamicElementComment:92e2e913 --><!-- vcwb\/dynamicElementComment:7fc5a775 --><\/p>\n<div class=\"vce-row-container\" data-vce-boxed-width=\"true\">\n<div id=\"el-7fc5a775\" class=\"vce-row vce-row--col-gap-30 vce-row-equal-height vce-row-content--top\" data-vce-do-apply=\"all el-7fc5a775\">\n<div class=\"vce-row-content\" data-vce-element-content=\"true\"><!-- vcwb\/dynamicElementComment:5f333a78 -->\n<p>Des t\u00e9moignages de b\u00e9n\u00e9ficiaires, de b\u00e9n\u00e9voles et de partenaires ont \u00e9t\u00e9 enregistr\u00e9s et sont disponibles \u00e0 l&rsquo;\u00e9coute ci-dessous.<\/p>\n<div id=\"el-5f333a78\" class=\"vce-col vce-col--md-auto vce-col--xs-1 vce-col--xs-last vce-col--xs-first vce-col--sm-last vce-col--sm-first vce-col--md-last vce-col--lg-last vce-col--xl-last vce-col--md-first vce-col--lg-first vce-col--xl-first\">\n<div class=\"vce-col-inner\" data-vce-do-apply=\"border margin background  el-5f333a78\">\n<div class=\"vce-col-content\" data-vce-element-content=\"true\" data-vce-do-apply=\"padding el-5f333a78\"><!-- vcwb\/dynamicElementComment:bb1902da -->\n<p><!-- \/vcwb\/dynamicElementComment:bb1902da --><\/p>\n<\/div>\n<\/div>\n<\/div>\n<p><!-- \/vcwb\/dynamicElementComment:5f333a78 --><\/p>\n<\/div>\n<\/div>\n<\/div>\n<p><!-- \/vcwb\/dynamicElementComment:7fc5a775 --><\/p>\n<div class=\"vce-row-container\" data-vce-boxed-width=\"true\">\n<div id=\"el-9874a691\" class=\"vce-row vce-row--col-gap-30 vce-row-equal-height vce-row-content--top\" data-vce-do-apply=\"all el-9874a691\">\n<div class=\"vce-row-content\" data-vce-element-content=\"true\"><!-- vcwb\/dynamicElementComment:185fd481 -->\n<div id=\"el-185fd481\" class=\"vce-col vce-col--md-auto vce-col--xs-1 vce-col--xs-last vce-col--xs-first vce-col--sm-last vce-col--sm-first vce-col--md-last vce-col--lg-last vce-col--xl-last vce-col--md-first vce-col--lg-first vce-col--xl-first\">\n<div class=\"vce-col-inner\" data-vce-do-apply=\"border margin background  el-185fd481\">\n<div class=\"vce-col-content\" data-vce-element-content=\"true\" data-vce-do-apply=\"padding el-185fd481\"><!-- vcwb\/dynamicElementComment:b0e2f378 -->\n<p><!-- \/vcwb\/dynamicElementComment:b0e2f378 --><\/p>\n<\/div>\n<\/div>\n<\/div>\n<p><!-- \/vcwb\/dynamicElementComment:185fd481 --><\/p>\n<\/div>\n<\/div>\n<\/div>\n<p><!-- \/vcwb\/dynamicElementComment:9874a691 --><!-- vcwb\/dynamicElementComment:003d424c --><\/p>\n<p><!-- \/vcwb\/dynamicElementComment:003d424c --><!--vcv no format--><\/p>\n\n\n<div class=\"wp-block-columns is-layout-flex wp-container-core-columns-is-layout-28f84493 wp-block-columns-is-layout-flex\">\n<div class=\"wp-block-column is-layout-flow wp-block-column-is-layout-flow\">\n<h2 class=\"wp-block-heading has-text-align-center\">B\u00e9n\u00e9ficiaires<\/h2>\n\n\n\n<ul class=\"wp-block-list\">\n<li><a href=\"https:\/\/drive.google.com\/file\/d\/1VMffJj-hDrbp8QuEfbcfFffBT6b5Tvqc\/view?usp=share_link\">B\u00e9n\u00e9ficiaire #1<\/a><\/li>\n\n\n\n<li><a href=\"https:\/\/drive.google.com\/file\/d\/1tMFuYbq4GPC-QRXFSI5eosLFPef7wHw_\/view?usp=share_link\">B\u00e9n\u00e9ficiaire #2<\/a><\/li>\n<\/ul>\n<\/div>\n\n\n\n<div class=\"wp-block-column is-layout-flow wp-block-column-is-layout-flow\">\n<h2 class=\"wp-block-heading has-text-align-center\">B\u00e9n\u00e9voles<\/h2>\n\n\n\n<ul class=\"wp-block-list\">\n<li><a href=\"https:\/\/drive.google.com\/file\/d\/1koNFlZZi6yQlY7abti5cd-jw82pHrefo\/view?usp=share_link\">B\u00e9n\u00e9vole #1<\/a><\/li>\n\n\n\n<li><a href=\"https:\/\/drive.google.com\/file\/d\/19CXtdexXIFPrWs_ribBGYdj_LZCecL2n\/view?usp=share_link\">B\u00e9n\u00e9vole #2<\/a><\/li>\n\n\n\n<li><a href=\"https:\/\/drive.google.com\/file\/d\/1GHKkeFCx5OF_pCVRy3MNoptfRWmTKvLv\/view?usp=share_link\">B\u00e9n\u00e9vole #3<\/a><\/li>\n<\/ul>\n<\/div>\n\n\n\n<div class=\"wp-block-column is-layout-flow wp-block-column-is-layout-flow\">\n<h2 class=\"wp-block-heading has-text-align-center\">Partners<\/h2>\n\n\n\n<ul class=\"wp-block-list\">\n<li><a href=\"https:\/\/drive.google.com\/file\/d\/1Ytn8BiXZSQ82s9No-buXlTfv0d3yXGAd\/view?usp=share_link\">Fondation de l&rsquo;Universit\u00e9 de Strasbourg<\/a><\/li>\n\n\n\n<li><a href=\"https:\/\/drive.google.com\/file\/d\/1nAxZCGvbf77F7Gda0ExmEaj6toe0LW6M\/view?usp=share_link\">Hager<\/a><\/li>\n\n\n\n<li><a href=\"https:\/\/drive.google.com\/file\/d\/1MBGoDdeITO4Ptls3YdxB53XbxXVnlUTO\/view?usp=share_link\">Galeries LaFayette<\/a><\/li>\n<\/ul>\n<\/div>\n<\/div>","protected":false},"excerpt":{"rendered":"<p>Le 26 janvier 2023 a eu lieu la c\u00e9r\u00e9monie d&rsquo;anniversaire des 10 ans de l&rsquo;AGORA\u00e9 Esplanade. \u00c0 cette occasion, l&rsquo;AFGES a r\u00e9alis\u00e9 une vid\u00e9o de pr\u00e9sentation des AGORA\u00e9. Des t\u00e9moignages de b\u00e9n\u00e9ficiaires, de b\u00e9n\u00e9voles et de partenaires ont \u00e9t\u00e9 enregistr\u00e9s et sont disponibles \u00e0 l&rsquo;\u00e9coute ci-dessous. B\u00e9n\u00e9ficiaires B\u00e9n\u00e9voles Partenaires<\/p>","protected":false},"author":4,"featured_media":117,"comment_status":"closed","ping_status":"closed","sticky":false,"template":"","format":"standard","meta":{"footnotes":""},"categories":[5],"tags":[17],"class_list":["post-173","post","type-post","status-publish","format-standard","has-post-thumbnail","hentry","category-agorae","tag-evenement"],"blocksy_meta":[],"yoast_head":"<!-- This site is optimized with the Yoast SEO plugin v27.2 - https:\/\/yoast.com\/product\/yoast-seo-wordpress\/ -->\n<title>Les 10 ans de l&#039;AGORA\u00e9 Esplanade - AFGES<\/title>\n<meta name=\"robots\" content=\"index, follow, max-snippet:-1, max-image-preview:large, max-video-preview:-1\" \/>\n<link rel=\"canonical\" href=\"https:\/\/interne.afges.org\/en\/les-10-ans-de-lagorae-esplanade\/\" \/>\n<meta property=\"og:locale\" content=\"en_US\" \/>\n<meta property=\"og:type\" content=\"article\" \/>\n<meta property=\"og:title\" content=\"Les 10 ans de l&#039;AGORA\u00e9 Esplanade - AFGES\" \/>\n<meta property=\"og:description\" content=\"Le 26 janvier 2023 a eu lieu la c\u00e9r\u00e9monie d&rsquo;anniversaire des 10 ans de l&rsquo;AGORA\u00e9 Esplanade. \u00c0 cette occasion, l&rsquo;AFGES a r\u00e9alis\u00e9 une vid\u00e9o de pr\u00e9sentation des AGORA\u00e9. Des t\u00e9moignages de b\u00e9n\u00e9ficiaires, de b\u00e9n\u00e9voles et de partenaires ont \u00e9t\u00e9 enregistr\u00e9s et sont disponibles \u00e0 l&rsquo;\u00e9coute ci-dessous. B\u00e9n\u00e9ficiaires B\u00e9n\u00e9voles Partenaires\" \/>\n<meta property=\"og:url\" content=\"https:\/\/interne.afges.org\/en\/les-10-ans-de-lagorae-esplanade\/\" \/>\n<meta property=\"og:site_name\" content=\"AFGES\" \/>\n<meta property=\"article:publisher\" content=\"https:\/\/www.facebook.com\/AFGES\" \/>\n<meta property=\"article:author\" content=\"https:\/\/www.facebook.com\/agorae.strasbourg\" \/>\n<meta property=\"article:published_time\" content=\"2023-02-18T10:45:02+00:00\" \/>\n<meta property=\"article:modified_time\" content=\"2023-10-12T09:03:40+00:00\" \/>\n<meta property=\"og:image\" content=\"https:\/\/interne.afges.org\/wp-content\/uploads\/2022\/12\/Banni-re-Facebook-AGORA-Banni-re-Twitter-.png\" \/>\n\t<meta property=\"og:image:width\" content=\"1500\" \/>\n\t<meta property=\"og:image:height\" content=\"500\" \/>\n\t<meta property=\"og:image:type\" content=\"image\/png\" \/>\n<meta name=\"author\" content=\"Thomas RODENSTEIN-SCHUBNEL\" \/>\n<meta name=\"twitter:card\" content=\"summary_large_image\" \/>\n<meta name=\"twitter:creator\" content=\"@https:\/\/x.com\/Agorae_Strasbg\" \/>\n<meta name=\"twitter:site\" content=\"@AFGES\" \/>\n<meta name=\"twitter:label1\" content=\"Written by\" \/>\n\t<meta name=\"twitter:data1\" content=\"Thomas RODENSTEIN-SCHUBNEL\" \/>\n<script type=\"application\/ld+json\" class=\"yoast-schema-graph\">{\"@context\":\"https:\/\/schema.org\",\"@graph\":[{\"@type\":\"Article\",\"@id\":\"https:\/\/interne.afges.org\/en\/les-10-ans-de-lagorae-esplanade\/#article\",\"isPartOf\":{\"@id\":\"https:\/\/interne.afges.org\/en\/les-10-ans-de-lagorae-esplanade\/\"},\"author\":{\"name\":\"Thomas RODENSTEIN-SCHUBNEL\",\"@id\":\"https:\/\/www.afges.org\/#\/schema\/person\/c9cc1b4e7d38c89695ff7c584467410d\"},\"headline\":\"Les 10 ans de l&#039;AGORA\u00e9 Esplanade\",\"datePublished\":\"2023-02-18T10:45:02+00:00\",\"dateModified\":\"2023-10-12T09:03:40+00:00\",\"mainEntityOfPage\":{\"@id\":\"https:\/\/interne.afges.org\/en\/les-10-ans-de-lagorae-esplanade\/\"},\"wordCount\":101,\"publisher\":{\"@id\":\"https:\/\/www.afges.org\/#organization\"},\"image\":{\"@id\":\"https:\/\/interne.afges.org\/en\/les-10-ans-de-lagorae-esplanade\/#primaryimage\"},\"thumbnailUrl\":\"\/wp-content\/uploads\/2022\/12\/Banni-re-Facebook-AGORA-Banni-re-Twitter-.png\",\"keywords\":[\"\u00c9v\u00e9nement\"],\"articleSection\":[\"AGORA\u00e9\"],\"inLanguage\":\"en-US\"},{\"@type\":\"WebPage\",\"@id\":\"https:\/\/interne.afges.org\/en\/les-10-ans-de-lagorae-esplanade\/\",\"url\":\"https:\/\/interne.afges.org\/en\/les-10-ans-de-lagorae-esplanade\/\",\"name\":\"Les 10 ans de l&#039;AGORA\u00e9 Esplanade - AFGES\",\"isPartOf\":{\"@id\":\"https:\/\/www.afges.org\/#website\"},\"primaryImageOfPage\":{\"@id\":\"https:\/\/interne.afges.org\/en\/les-10-ans-de-lagorae-esplanade\/#primaryimage\"},\"image\":{\"@id\":\"https:\/\/interne.afges.org\/en\/les-10-ans-de-lagorae-esplanade\/#primaryimage\"},\"thumbnailUrl\":\"\/wp-content\/uploads\/2022\/12\/Banni-re-Facebook-AGORA-Banni-re-Twitter-.png\",\"datePublished\":\"2023-02-18T10:45:02+00:00\",\"dateModified\":\"2023-10-12T09:03:40+00:00\",\"breadcrumb\":{\"@id\":\"https:\/\/interne.afges.org\/en\/les-10-ans-de-lagorae-esplanade\/#breadcrumb\"},\"inLanguage\":\"en-US\",\"potentialAction\":[{\"@type\":\"ReadAction\",\"target\":[\"https:\/\/interne.afges.org\/en\/les-10-ans-de-lagorae-esplanade\/\"]}]},{\"@type\":\"ImageObject\",\"inLanguage\":\"en-US\",\"@id\":\"https:\/\/interne.afges.org\/en\/les-10-ans-de-lagorae-esplanade\/#primaryimage\",\"url\":\"\/wp-content\/uploads\/2022\/12\/Banni-re-Facebook-AGORA-Banni-re-Twitter-.png\",\"contentUrl\":\"\/wp-content\/uploads\/2022\/12\/Banni-re-Facebook-AGORA-Banni-re-Twitter-.png\",\"width\":1500,\"height\":500},{\"@type\":\"BreadcrumbList\",\"@id\":\"https:\/\/interne.afges.org\/en\/les-10-ans-de-lagorae-esplanade\/#breadcrumb\",\"itemListElement\":[{\"@type\":\"ListItem\",\"position\":1,\"name\":\"Accueil\",\"item\":\"https:\/\/www.afges.org\/\"},{\"@type\":\"ListItem\",\"position\":2,\"name\":\"Les 10 ans de l&#039;AGORA\u00e9 Esplanade\"}]},{\"@type\":\"WebSite\",\"@id\":\"https:\/\/www.afges.org\/#website\",\"url\":\"https:\/\/www.afges.org\/\",\"name\":\"AFGES, les \u00c9tudiant-e-s d\u2019Alsace\",\"description\":\"Les \u00c9tudiant-e-s d\u2019Alsace\",\"publisher\":{\"@id\":\"https:\/\/www.afges.org\/#organization\"},\"potentialAction\":[{\"@type\":\"SearchAction\",\"target\":{\"@type\":\"EntryPoint\",\"urlTemplate\":\"https:\/\/www.afges.org\/?s={search_term_string}\"},\"query-input\":{\"@type\":\"PropertyValueSpecification\",\"valueRequired\":true,\"valueName\":\"search_term_string\"}}],\"inLanguage\":\"en-US\"},{\"@type\":\"Organization\",\"@id\":\"https:\/\/www.afges.org\/#organization\",\"name\":\"AFGES, les \u00c9tudiant-e-s d\u2019Alsace\",\"url\":\"https:\/\/www.afges.org\/\",\"logo\":{\"@type\":\"ImageObject\",\"inLanguage\":\"en-US\",\"@id\":\"https:\/\/www.afges.org\/#\/schema\/logo\/image\/\",\"url\":\"\/wp-content\/uploads\/2025\/08\/Logo-AFGES-Orange-scaled.png\",\"contentUrl\":\"\/wp-content\/uploads\/2025\/08\/Logo-AFGES-Orange-scaled.png\",\"width\":2302,\"height\":2560,\"caption\":\"AFGES, les \u00c9tudiant-e-s d\u2019Alsace\"},\"image\":{\"@id\":\"https:\/\/www.afges.org\/#\/schema\/logo\/image\/\"},\"sameAs\":[\"https:\/\/www.facebook.com\/AFGES\",\"https:\/\/x.com\/AFGES\"]},{\"@type\":\"Person\",\"@id\":\"https:\/\/www.afges.org\/#\/schema\/person\/c9cc1b4e7d38c89695ff7c584467410d\",\"name\":\"Thomas RODENSTEIN-SCHUBNEL\",\"description\":\"Charg\u00e9 de Mission AGORA\u00e9 (salari\u00e9) de l'AFGES\",\"sameAs\":[\"https:\/\/afges.org\/agorae\/\",\"https:\/\/www.facebook.com\/agorae.strasbourg\",\"https:\/\/www.instagram.com\/agorae_strasbg\/\",\"https:\/\/x.com\/https:\/\/x.com\/Agorae_Strasbg\"],\"url\":\"https:\/\/interne.afges.org\/en\/author\/t-schubnel\/\"}]}<\/script>\n<!-- \/ Yoast SEO plugin. -->","yoast_head_json":{"title":"Les 10 ans de l&#039;AGORA\u00e9 Esplanade - AFGES","robots":{"index":"index","follow":"follow","max-snippet":"max-snippet:-1","max-image-preview":"max-image-preview:large","max-video-preview":"max-video-preview:-1"},"canonical":"https:\/\/interne.afges.org\/en\/les-10-ans-de-lagorae-esplanade\/","og_locale":"en_US","og_type":"article","og_title":"Les 10 ans de l&#039;AGORA\u00e9 Esplanade - AFGES","og_description":"Le 26 janvier 2023 a eu lieu la c\u00e9r\u00e9monie d&rsquo;anniversaire des 10 ans de l&rsquo;AGORA\u00e9 Esplanade. \u00c0 cette occasion, l&rsquo;AFGES a r\u00e9alis\u00e9 une vid\u00e9o de pr\u00e9sentation des AGORA\u00e9. Des t\u00e9moignages de b\u00e9n\u00e9ficiaires, de b\u00e9n\u00e9voles et de partenaires ont \u00e9t\u00e9 enregistr\u00e9s et sont disponibles \u00e0 l&rsquo;\u00e9coute ci-dessous. B\u00e9n\u00e9ficiaires B\u00e9n\u00e9voles Partenaires","og_url":"https:\/\/interne.afges.org\/en\/les-10-ans-de-lagorae-esplanade\/","og_site_name":"AFGES","article_publisher":"https:\/\/www.facebook.com\/AFGES","article_author":"https:\/\/www.facebook.com\/agorae.strasbourg","article_published_time":"2023-02-18T10:45:02+00:00","article_modified_time":"2023-10-12T09:03:40+00:00","og_image":[{"width":1500,"height":500,"url":"https:\/\/interne.afges.org\/wp-content\/uploads\/2022\/12\/Banni-re-Facebook-AGORA-Banni-re-Twitter-.png","type":"image\/png"}],"author":"Thomas RODENSTEIN-SCHUBNEL","twitter_card":"summary_large_image","twitter_creator":"@https:\/\/x.com\/Agorae_Strasbg","twitter_site":"@AFGES","twitter_misc":{"Written by":"Thomas RODENSTEIN-SCHUBNEL"},"schema":{"@context":"https:\/\/schema.org","@graph":[{"@type":"Article","@id":"https:\/\/interne.afges.org\/en\/les-10-ans-de-lagorae-esplanade\/#article","isPartOf":{"@id":"https:\/\/interne.afges.org\/en\/les-10-ans-de-lagorae-esplanade\/"},"author":{"name":"Thomas RODENSTEIN-SCHUBNEL","@id":"https:\/\/www.afges.org\/#\/schema\/person\/c9cc1b4e7d38c89695ff7c584467410d"},"headline":"Les 10 ans de l&#039;AGORA\u00e9 Esplanade","datePublished":"2023-02-18T10:45:02+00:00","dateModified":"2023-10-12T09:03:40+00:00","mainEntityOfPage":{"@id":"https:\/\/interne.afges.org\/en\/les-10-ans-de-lagorae-esplanade\/"},"wordCount":101,"publisher":{"@id":"https:\/\/www.afges.org\/#organization"},"image":{"@id":"https:\/\/interne.afges.org\/en\/les-10-ans-de-lagorae-esplanade\/#primaryimage"},"thumbnailUrl":"\/wp-content\/uploads\/2022\/12\/Banni-re-Facebook-AGORA-Banni-re-Twitter-.png","keywords":["\u00c9v\u00e9nement"],"articleSection":["AGORA\u00e9"],"inLanguage":"en-US"},{"@type":"WebPage","@id":"https:\/\/interne.afges.org\/en\/les-10-ans-de-lagorae-esplanade\/","url":"https:\/\/interne.afges.org\/en\/les-10-ans-de-lagorae-esplanade\/","name":"Les 10 ans de l&#039;AGORA\u00e9 Esplanade - AFGES","isPartOf":{"@id":"https:\/\/www.afges.org\/#website"},"primaryImageOfPage":{"@id":"https:\/\/interne.afges.org\/en\/les-10-ans-de-lagorae-esplanade\/#primaryimage"},"image":{"@id":"https:\/\/interne.afges.org\/en\/les-10-ans-de-lagorae-esplanade\/#primaryimage"},"thumbnailUrl":"\/wp-content\/uploads\/2022\/12\/Banni-re-Facebook-AGORA-Banni-re-Twitter-.png","datePublished":"2023-02-18T10:45:02+00:00","dateModified":"2023-10-12T09:03:40+00:00","breadcrumb":{"@id":"https:\/\/interne.afges.org\/en\/les-10-ans-de-lagorae-esplanade\/#breadcrumb"},"inLanguage":"en-US","potentialAction":[{"@type":"ReadAction","target":["https:\/\/interne.afges.org\/en\/les-10-ans-de-lagorae-esplanade\/"]}]},{"@type":"ImageObject","inLanguage":"en-US","@id":"https:\/\/interne.afges.org\/en\/les-10-ans-de-lagorae-esplanade\/#primaryimage","url":"\/wp-content\/uploads\/2022\/12\/Banni-re-Facebook-AGORA-Banni-re-Twitter-.png","contentUrl":"\/wp-content\/uploads\/2022\/12\/Banni-re-Facebook-AGORA-Banni-re-Twitter-.png","width":1500,"height":500},{"@type":"BreadcrumbList","@id":"https:\/\/interne.afges.org\/en\/les-10-ans-de-lagorae-esplanade\/#breadcrumb","itemListElement":[{"@type":"ListItem","position":1,"name":"Accueil","item":"https:\/\/www.afges.org\/"},{"@type":"ListItem","position":2,"name":"Les 10 ans de l&#039;AGORA\u00e9 Esplanade"}]},{"@type":"WebSite","@id":"https:\/\/www.afges.org\/#website","url":"https:\/\/www.afges.org\/","name":"AFGES, les \u00c9tudiant-e-s d\u2019Alsace","description":"Les \u00c9tudiant-e-s d\u2019Alsace","publisher":{"@id":"https:\/\/www.afges.org\/#organization"},"potentialAction":[{"@type":"SearchAction","target":{"@type":"EntryPoint","urlTemplate":"https:\/\/www.afges.org\/?s={search_term_string}"},"query-input":{"@type":"PropertyValueSpecification","valueRequired":true,"valueName":"search_term_string"}}],"inLanguage":"en-US"},{"@type":"Organization","@id":"https:\/\/www.afges.org\/#organization","name":"AFGES, les \u00c9tudiant-e-s d\u2019Alsace","url":"https:\/\/www.afges.org\/","logo":{"@type":"ImageObject","inLanguage":"en-US","@id":"https:\/\/www.afges.org\/#\/schema\/logo\/image\/","url":"\/wp-content\/uploads\/2025\/08\/Logo-AFGES-Orange-scaled.png","contentUrl":"\/wp-content\/uploads\/2025\/08\/Logo-AFGES-Orange-scaled.png","width":2302,"height":2560,"caption":"AFGES, les \u00c9tudiant-e-s d\u2019Alsace"},"image":{"@id":"https:\/\/www.afges.org\/#\/schema\/logo\/image\/"},"sameAs":["https:\/\/www.facebook.com\/AFGES","https:\/\/x.com\/AFGES"]},{"@type":"Person","@id":"https:\/\/www.afges.org\/#\/schema\/person\/c9cc1b4e7d38c89695ff7c584467410d","name":"Thomas RODENSTEIN-SCHUBNEL","description":"Charg\u00e9 de Mission AGORA\u00e9 (salari\u00e9) de l'AFGES","sameAs":["https:\/\/afges.org\/agorae\/","https:\/\/www.facebook.com\/agorae.strasbourg","https:\/\/www.instagram.com\/agorae_strasbg\/","https:\/\/x.com\/https:\/\/x.com\/Agorae_Strasbg"],"url":"https:\/\/interne.afges.org\/en\/author\/t-schubnel\/"}]}},"_links":{"self":[{"href":"https:\/\/interne.afges.org\/en\/wp-json\/wp\/v2\/posts\/173","targetHints":{"allow":["GET"]}}],"collection":[{"href":"https:\/\/interne.afges.org\/en\/wp-json\/wp\/v2\/posts"}],"about":[{"href":"https:\/\/interne.afges.org\/en\/wp-json\/wp\/v2\/types\/post"}],"author":[{"embeddable":true,"href":"https:\/\/interne.afges.org\/en\/wp-json\/wp\/v2\/users\/4"}],"replies":[{"embeddable":true,"href":"https:\/\/interne.afges.org\/en\/wp-json\/wp\/v2\/comments?post=173"}],"version-history":[{"count":4,"href":"https:\/\/interne.afges.org\/en\/wp-json\/wp\/v2\/posts\/173\/revisions"}],"predecessor-version":[{"id":330,"href":"https:\/\/interne.afges.org\/en\/wp-json\/wp\/v2\/posts\/173\/revisions\/330"}],"wp:featuredmedia":[{"embeddable":true,"href":"https:\/\/interne.afges.org\/en\/wp-json\/wp\/v2\/media\/117"}],"wp:attachment":[{"href":"https:\/\/interne.afges.org\/en\/wp-json\/wp\/v2\/media?parent=173"}],"wp:term":[{"taxonomy":"category","embeddable":true,"href":"https:\/\/interne.afges.org\/en\/wp-json\/wp\/v2\/categories?post=173"},{"taxonomy":"post_tag","embeddable":true,"href":"https:\/\/interne.afges.org\/en\/wp-json\/wp\/v2\/tags?post=173"}],"curies":[{"name":"wp","href":"https:\/\/api.w.org\/{rel}","templated":true}]}}