{"id":1572,"date":"2025-06-05T11:06:21","date_gmt":"2025-06-05T09:06:21","guid":{"rendered":"https:\/\/afges.org\/?p=1572"},"modified":"2025-06-05T11:06:52","modified_gmt":"2025-06-05T09:06:52","slug":"vsc","status":"publish","type":"post","link":"https:\/\/interne.afges.org\/en\/vsc\/","title":{"rendered":"L&rsquo;AFGES recrute des volontaires en service civique"},"content":{"rendered":"<p>\ud83d\udce3 Tu as entre 18 et 25 ans <em>(ou 30 si tu es reconnu-e en situation de handicap)<\/em> ? Tu souhaites contribuer \u00e0 la solidarit\u00e9 \u00e9tudiante et d\u00e9couvrir de nouvelles personnes ?<\/p>\n\n\n\n<p>Comme chaque ann\u00e9e l&rsquo;AFGES recrute des volontaires en Service Civique pour l&rsquo;ann\u00e9e 2025-2026 !<\/p>\n\n\n\n<h2 class=\"wp-block-heading\"><strong>C\u2019est quoi exactement, le volontariat en service civique ?<\/strong><\/h2>\n\n\n\n<div class=\"wp-block-columns is-layout-flex wp-container-core-columns-is-layout-28f84493 wp-block-columns-is-layout-flex\">\n<div class=\"wp-block-column is-layout-flow wp-block-column-is-layout-flow\">\n<figure class=\"wp-block-image size-large\"><img fetchpriority=\"high\" decoding=\"async\" width=\"722\" height=\"1024\" src=\"\/wp-content\/uploads\/2024\/07\/asc-flyers-volontaires-web_page-0001-722x1024.jpg\" alt=\"\" class=\"wp-image-821\" srcset=\"\/wp-content\/uploads\/2024\/07\/asc-flyers-volontaires-web_page-0001-722x1024.jpg 722w, \/wp-content\/uploads\/2024\/07\/asc-flyers-volontaires-web_page-0001-211x300.jpg 211w, \/wp-content\/uploads\/2024\/07\/asc-flyers-volontaires-web_page-0001-768x1089.jpg 768w, \/wp-content\/uploads\/2024\/07\/asc-flyers-volontaires-web_page-0001-1083x1536.jpg 1083w, \/wp-content\/uploads\/2024\/07\/asc-flyers-volontaires-web_page-0001-1444x2048.jpg 1444w, \/wp-content\/uploads\/2024\/07\/asc-flyers-volontaires-web_page-0001.jpg 1749w\" sizes=\"(max-width: 722px) 100vw, 722px\" \/><\/figure>\n<\/div>\n\n\n\n<div class=\"wp-block-column is-layout-flow wp-block-column-is-layout-flow\">\n<figure class=\"wp-block-image size-large\"><img decoding=\"async\" width=\"722\" height=\"1024\" src=\"\/wp-content\/uploads\/2024\/07\/asc-flyers-volontaires-web_page-0002-722x1024.jpg\" alt=\"\" class=\"wp-image-822\" srcset=\"\/wp-content\/uploads\/2024\/07\/asc-flyers-volontaires-web_page-0002-722x1024.jpg 722w, \/wp-content\/uploads\/2024\/07\/asc-flyers-volontaires-web_page-0002-211x300.jpg 211w, \/wp-content\/uploads\/2024\/07\/asc-flyers-volontaires-web_page-0002-768x1089.jpg 768w, \/wp-content\/uploads\/2024\/07\/asc-flyers-volontaires-web_page-0002-1083x1536.jpg 1083w, \/wp-content\/uploads\/2024\/07\/asc-flyers-volontaires-web_page-0002-1444x2048.jpg 1444w, \/wp-content\/uploads\/2024\/07\/asc-flyers-volontaires-web_page-0002.jpg 1749w\" sizes=\"(max-width: 722px) 100vw, 722px\" \/><\/figure>\n<\/div>\n<\/div>\n\n\n\n<p>L\u2018objectif de l\u2019engagement de Service Civique est de mobiliser la jeunesse pour r\u00e9pondre aux d\u00e9fis de la soci\u00e9t\u00e9. Ouvert \u00e0 <strong>tous les jeunes<\/strong> de 16 \u00e0 25 ans, jusqu\u2019\u00e0 30 ans en situation de handicap, il offre un cadre d\u2019engagement o\u00f9 les jeunes pourront se c\u00f4toyer et vivre une exp\u00e9rience humaine unique. Pour \u00eatre volontaire, seuls comptent la motivation et le savoir-\u00eatre. Durant votre volontariat, l&rsquo;AFGES vous accompagnera dans votre mission citoyenne mais \u00e9galement \u00e0 construire votre projet d&rsquo;avenir.<\/p>\n\n\n\n<p>La mixit\u00e9 sociale est l\u2019un des objectifs assign\u00e9s au Service Civique, tant en termes de niveaux de <strong>formation<\/strong>, de <strong>genre<\/strong>, d\u2019<strong>\u00e2ge<\/strong>, de <strong>milieu social<\/strong>, d\u2019<strong>origines culturelles<\/strong>, que de <strong>lieux de vie<\/strong>.<\/p>\n\n\n\n<p>Les missions d\u00e9butent en septembre 2025, pour une dur\u00e9e de 7 \u00e0 9 mois.<\/p>\n\n\n\n<p>Plus d&rsquo;infos pour chaque mission propos\u00e9e :<\/p>\n\n\n\n<div class=\"wp-block-columns is-layout-flex wp-container-core-columns-is-layout-28f84493 wp-block-columns-is-layout-flex\">\n<div class=\"wp-block-column is-layout-flow wp-block-column-is-layout-flow\">\n<h2 class=\"wp-block-heading\">AGORA\u00e9<\/h2>\n\n\n\n<p><em>Participer \u00e0 la gestion et animation d\u2019une \u00e9picerie sociale et solidaire \u00e9tudiante<\/em> &#8211; <strong>8 ou 9 mois<\/strong><\/p>\n\n\n\n<div class=\"wp-block-buttons is-content-justification-center is-layout-flex wp-container-core-buttons-is-layout-a89b3969 wp-block-buttons-is-layout-flex\">\n<div class=\"wp-block-button\"><a class=\"wp-block-button__link has-text-align-center wp-element-button\" href=\"https:\/\/www.service-civique.gouv.fr\/trouver-ma-mission\/participer-a-la-gestion-et-animation-dune-epicerie-sociale-et-solidaire-etudiante-agorae-36-6840648e17f9e2316221b96b\" target=\"_blank\" rel=\"noreferrer noopener\">Postuler pour la mission AGORA\u00e9 (8 mois)<\/a><\/div>\n\n\n\n<div class=\"wp-block-button\"><a class=\"wp-block-button__link wp-element-button\" href=\"https:\/\/www.service-civique.gouv.fr\/trouver-ma-mission\/participer-a-la-gestion-et-animation-dune-epicerie-sociale-et-solidaire-etudiante-agorae-37-6840676bdea3011bb776d7f2\">Postuler pour la mission AGORA\u00e9 (9 mois)<\/a><\/div>\n<\/div>\n\n\n\n<h3 class=\"wp-block-heading\">Objectif citoyen<\/h3>\n\n\n\n<p>Les AGORA\u00e9, espaces d\u2019\u00e9change et de solidarit\u00e9, comportent un lieu de vie ouvert \u00e0 tou-te-s et une \u00e9picerie solidaire accessible sur crit\u00e8res sociaux. G\u00e9r\u00e9es par des \u00e9tudiant-e-s pour des \u00e9tudiant-e-s, les AGORA\u00e9 favorisent l\u2019\u00e9galit\u00e9 des chances d\u2019acc\u00e8s et de r\u00e9ussite dans l\u2019enseignement sup\u00e9rieur.<\/p>\n\n\n\n<h3 class=\"wp-block-heading\">Les missions<\/h3>\n\n\n\n<p>\ud83d\udc65 Participer au premier accueil des personnes et faciliter leur acc\u00e8s aux diff\u00e9rents services propos\u00e9s (aide alimentaire, lieu de vie&#8230;) ;<\/p>\n\n\n\n<p>\ud83d\udcdd Accompagner les \u00e9tudiant-e-s dans des d\u00e9marches (orientation vers l&rsquo;assistante sociale, vers le CROUS, renseignements divers&#8230;) ;<\/p>\n\n\n\n<p>\ud83c\udfb2 Lutter contre l\u2019isolement social \u00e0 travers la mise en place d&rsquo;ateliers vari\u00e9s au sein du lieu de vie ;<\/p>\n\n\n\n<p>\ud83d\udca1 Participer \u00e0 l&rsquo;animation de la vie associative ;<\/p>\n\n\n\n<p>\ud83d\udde3\ufe0f Favoriser l\u2019implication des b\u00e9n\u00e9ficiaires dans les projets propos\u00e9s au sein de l&rsquo;AGORA\u00e9 ;<\/p>\n\n\n\n<p>\ud83d\uded2 Veiller \u00e0 l\u2019approvisionnement quotidien de l\u2019\u00e9picerie, au respect des normes d\u2019hygi\u00e8ne et de s\u00e9curit\u00e9 alimentaire ;<\/p>\n\n\n\n<p>\ud83e\udd1d Animer les partenariats avec les associations \u00e9tudiantes sur le Campus et les acteurs locaux de l&rsquo;\u00c9conomie Sociale et Solidaire ;<\/p>\n\n\n\n<p>\ud83d\udcbb Assister aux commissions d\u2019attribution de l\u2019aide alimentaire de l\u2019\u00e9picerie.<\/p>\n<\/div>\n\n\n\n<div class=\"wp-block-column is-layout-flow wp-block-column-is-layout-flow\">\n<h2 class=\"wp-block-heading\">D\u00e9fense Des Droits<\/h2>\n\n\n\n<p><em>Promouvoir l&rsquo;\u00e9galit\u00e9 des droits et lutter contre les discriminations<\/em> &#8211; <strong>7 mois<\/strong><\/p>\n\n\n\n<div class=\"wp-block-buttons is-content-justification-center is-layout-flex wp-container-core-buttons-is-layout-a89b3969 wp-block-buttons-is-layout-flex\">\n<div class=\"wp-block-button\"><a class=\"wp-block-button__link has-text-align-center wp-element-button\" href=\"https:\/\/www.service-civique.gouv.fr\/trouver-ma-mission\/promouvoir-legalite-des-droits-et-lutter-contre-les-discriminations-dans-le-milieu-etudiant-3-68406687d2cf397d817b8c84\" target=\"_blank\" rel=\"noreferrer noopener\">Postuler pour la mission D\u00e9fense Des Droits<\/a><\/div>\n<\/div>\n\n\n\n<h3 class=\"wp-block-heading\">Objectif citoyen<\/h3>\n\n\n\n<p>Selon l&rsquo;ODENORE, 63% des personnes pouvant b\u00e9n\u00e9ficier d\u2019une prestation sociale y acc\u00e8dent apr\u00e8s un rendez-vous d\u00e9di\u00e9. La lutte contre le non-recours aux droits est primordiale et en particulier lorsqu\u2019elle concerne les jeunes, en moyenne plus fragiles sur les connaissances dont ils disposent.<\/p>\n\n\n\n<h3 class=\"wp-block-heading\">Les missions<\/h3>\n\n\n\n<p>\ud83d\udc65 Contribuer \u00e0 l\u2019accompagnement propos\u00e9 ;<\/p>\n\n\n\n<p>\ud83d\udd0d Participer \u00e0 la r\u00e9alisation d\u2019enqu\u00eates th\u00e9matiques sur les droits des \u00e9tudiant-e-s et des jeunes ;<\/p>\n\n\n\n<p>\ud83d\udde3\ufe0f Participer \u00e0 l\u2019organisation de formations et \u00e0 l&rsquo;organisation d&rsquo;\u00e9v\u00e9nements permettant aux jeunes de se rencontrer ;<\/p>\n\n\n\n<p>\ud83e\udd1d Participer aux \u00e9changes avec les acteurs locaux.<\/p>\n<\/div>\n<\/div>","protected":false},"excerpt":{"rendered":"<p>\ud83d\udce3 Tu as entre 18 et 25 ans (ou 30 si tu es reconnu-e en situation de handicap) ? Tu souhaites contribuer \u00e0 la solidarit\u00e9 \u00e9tudiante et d\u00e9couvrir de nouvelles personnes ? Comme chaque ann\u00e9e l&rsquo;AFGES recrute des volontaires en Service Civique pour l&rsquo;ann\u00e9e 2025-2026 ! C\u2019est quoi exactement, le volontariat en service civique ? [&hellip;]<\/p>\n","protected":false},"author":4,"featured_media":819,"comment_status":"closed","ping_status":"closed","sticky":true,"template":"","format":"standard","meta":{"footnotes":""},"categories":[5,12,15],"tags":[],"class_list":["post-1572","post","type-post","status-publish","format-standard","has-post-thumbnail","hentry","category-agorae","category-citoyennete","category-emploi-et-benevolat"],"blocksy_meta":[],"yoast_head":"<!-- This site is optimized with the Yoast SEO plugin v27.2 - https:\/\/yoast.com\/product\/yoast-seo-wordpress\/ -->\n<title>L&#039;AFGES recrute des volontaires en service civique - AFGES<\/title>\n<meta name=\"robots\" content=\"index, follow, max-snippet:-1, max-image-preview:large, max-video-preview:-1\" \/>\n<link rel=\"canonical\" href=\"https:\/\/www.afges.org\/vsc\/\" \/>\n<meta property=\"og:locale\" content=\"en_US\" \/>\n<meta property=\"og:type\" content=\"article\" \/>\n<meta property=\"og:title\" content=\"L&#039;AFGES recrute des volontaires en service civique - AFGES\" \/>\n<meta property=\"og:description\" content=\"\ud83d\udce3 Tu as entre 18 et 25 ans (ou 30 si tu es reconnu-e en situation de handicap) ? Tu souhaites contribuer \u00e0 la solidarit\u00e9 \u00e9tudiante et d\u00e9couvrir de nouvelles personnes ? Comme chaque ann\u00e9e l&rsquo;AFGES recrute des volontaires en Service Civique pour l&rsquo;ann\u00e9e 2025-2026 ! C\u2019est quoi exactement, le volontariat en service civique ? [&hellip;]\" \/>\n<meta property=\"og:url\" content=\"https:\/\/www.afges.org\/vsc\/\" \/>\n<meta property=\"og:site_name\" content=\"AFGES\" \/>\n<meta property=\"article:publisher\" content=\"https:\/\/www.facebook.com\/AFGES\" \/>\n<meta property=\"article:author\" content=\"https:\/\/www.facebook.com\/agorae.strasbourg\" \/>\n<meta property=\"article:published_time\" content=\"2025-06-05T09:06:21+00:00\" \/>\n<meta property=\"article:modified_time\" content=\"2025-06-05T09:06:52+00:00\" \/>\n<meta property=\"og:image\" content=\"https:\/\/interne.afges.org\/wp-content\/uploads\/2023\/07\/Design-sans-titre-4-1024x366.png\" \/>\n\t<meta property=\"og:image:width\" content=\"1024\" \/>\n\t<meta property=\"og:image:height\" content=\"366\" \/>\n\t<meta property=\"og:image:type\" content=\"image\/png\" \/>\n<meta name=\"author\" content=\"Thomas RODENSTEIN-SCHUBNEL\" \/>\n<meta name=\"twitter:card\" content=\"summary_large_image\" \/>\n<meta name=\"twitter:creator\" content=\"@https:\/\/x.com\/Agorae_Strasbg\" \/>\n<meta name=\"twitter:site\" content=\"@AFGES\" \/>\n<meta name=\"twitter:label1\" content=\"Written by\" \/>\n\t<meta name=\"twitter:data1\" content=\"Thomas RODENSTEIN-SCHUBNEL\" \/>\n\t<meta name=\"twitter:label2\" content=\"Est. reading time\" \/>\n\t<meta name=\"twitter:data2\" content=\"3 minutes\" \/>\n<script type=\"application\/ld+json\" class=\"yoast-schema-graph\">{\"@context\":\"https:\/\/schema.org\",\"@graph\":[{\"@type\":\"Article\",\"@id\":\"https:\/\/www.afges.org\/vsc\/#article\",\"isPartOf\":{\"@id\":\"https:\/\/www.afges.org\/vsc\/\"},\"author\":{\"name\":\"Thomas RODENSTEIN-SCHUBNEL\",\"@id\":\"https:\/\/www.afges.org\/#\/schema\/person\/c9cc1b4e7d38c89695ff7c584467410d\"},\"headline\":\"L&rsquo;AFGES recrute des volontaires en service civique\",\"datePublished\":\"2025-06-05T09:06:21+00:00\",\"dateModified\":\"2025-06-05T09:06:52+00:00\",\"mainEntityOfPage\":{\"@id\":\"https:\/\/www.afges.org\/vsc\/\"},\"wordCount\":539,\"publisher\":{\"@id\":\"https:\/\/www.afges.org\/#organization\"},\"image\":{\"@id\":\"https:\/\/www.afges.org\/vsc\/#primaryimage\"},\"thumbnailUrl\":\"\/wp-content\/uploads\/2023\/07\/Design-sans-titre-4.png\",\"articleSection\":[\"AGORA\u00e9\",\"Citoyennet\u00e9\",\"Emploi &amp; B\u00e9n\u00e9volat\"],\"inLanguage\":\"en-US\"},{\"@type\":\"WebPage\",\"@id\":\"https:\/\/www.afges.org\/vsc\/\",\"url\":\"https:\/\/www.afges.org\/vsc\/\",\"name\":\"L'AFGES recrute des volontaires en service civique - AFGES\",\"isPartOf\":{\"@id\":\"https:\/\/www.afges.org\/#website\"},\"primaryImageOfPage\":{\"@id\":\"https:\/\/www.afges.org\/vsc\/#primaryimage\"},\"image\":{\"@id\":\"https:\/\/www.afges.org\/vsc\/#primaryimage\"},\"thumbnailUrl\":\"\/wp-content\/uploads\/2023\/07\/Design-sans-titre-4.png\",\"datePublished\":\"2025-06-05T09:06:21+00:00\",\"dateModified\":\"2025-06-05T09:06:52+00:00\",\"breadcrumb\":{\"@id\":\"https:\/\/www.afges.org\/vsc\/#breadcrumb\"},\"inLanguage\":\"en-US\",\"potentialAction\":[{\"@type\":\"ReadAction\",\"target\":[\"https:\/\/www.afges.org\/vsc\/\"]}]},{\"@type\":\"ImageObject\",\"inLanguage\":\"en-US\",\"@id\":\"https:\/\/www.afges.org\/vsc\/#primaryimage\",\"url\":\"\/wp-content\/uploads\/2023\/07\/Design-sans-titre-4.png\",\"contentUrl\":\"\/wp-content\/uploads\/2023\/07\/Design-sans-titre-4.png\",\"width\":6912,\"height\":2473},{\"@type\":\"BreadcrumbList\",\"@id\":\"https:\/\/www.afges.org\/vsc\/#breadcrumb\",\"itemListElement\":[{\"@type\":\"ListItem\",\"position\":1,\"name\":\"Accueil\",\"item\":\"https:\/\/www.afges.org\/\"},{\"@type\":\"ListItem\",\"position\":2,\"name\":\"L&rsquo;AFGES recrute des volontaires en service civique\"}]},{\"@type\":\"WebSite\",\"@id\":\"https:\/\/www.afges.org\/#website\",\"url\":\"https:\/\/www.afges.org\/\",\"name\":\"AFGES, les \u00c9tudiant-e-s d\u2019Alsace\",\"description\":\"Les \u00c9tudiant-e-s d\u2019Alsace\",\"publisher\":{\"@id\":\"https:\/\/www.afges.org\/#organization\"},\"potentialAction\":[{\"@type\":\"SearchAction\",\"target\":{\"@type\":\"EntryPoint\",\"urlTemplate\":\"https:\/\/www.afges.org\/?s={search_term_string}\"},\"query-input\":{\"@type\":\"PropertyValueSpecification\",\"valueRequired\":true,\"valueName\":\"search_term_string\"}}],\"inLanguage\":\"en-US\"},{\"@type\":\"Organization\",\"@id\":\"https:\/\/www.afges.org\/#organization\",\"name\":\"AFGES, les \u00c9tudiant-e-s d\u2019Alsace\",\"url\":\"https:\/\/www.afges.org\/\",\"logo\":{\"@type\":\"ImageObject\",\"inLanguage\":\"en-US\",\"@id\":\"https:\/\/www.afges.org\/#\/schema\/logo\/image\/\",\"url\":\"\/wp-content\/uploads\/2025\/08\/Logo-AFGES-Orange-scaled.png\",\"contentUrl\":\"\/wp-content\/uploads\/2025\/08\/Logo-AFGES-Orange-scaled.png\",\"width\":2302,\"height\":2560,\"caption\":\"AFGES, les \u00c9tudiant-e-s d\u2019Alsace\"},\"image\":{\"@id\":\"https:\/\/www.afges.org\/#\/schema\/logo\/image\/\"},\"sameAs\":[\"https:\/\/www.facebook.com\/AFGES\",\"https:\/\/x.com\/AFGES\"]},{\"@type\":\"Person\",\"@id\":\"https:\/\/www.afges.org\/#\/schema\/person\/c9cc1b4e7d38c89695ff7c584467410d\",\"name\":\"Thomas RODENSTEIN-SCHUBNEL\",\"description\":\"Charg\u00e9 de Mission AGORA\u00e9 (salari\u00e9) de l'AFGES\",\"sameAs\":[\"https:\/\/afges.org\/agorae\/\",\"https:\/\/www.facebook.com\/agorae.strasbourg\",\"https:\/\/www.instagram.com\/agorae_strasbg\/\",\"https:\/\/x.com\/https:\/\/x.com\/Agorae_Strasbg\"],\"url\":\"https:\/\/interne.afges.org\/en\/author\/t-schubnel\/\"}]}<\/script>\n<!-- \/ Yoast SEO plugin. -->","yoast_head_json":{"title":"L'AFGES recrute des volontaires en service civique - AFGES","robots":{"index":"index","follow":"follow","max-snippet":"max-snippet:-1","max-image-preview":"max-image-preview:large","max-video-preview":"max-video-preview:-1"},"canonical":"https:\/\/www.afges.org\/vsc\/","og_locale":"en_US","og_type":"article","og_title":"L'AFGES recrute des volontaires en service civique - AFGES","og_description":"\ud83d\udce3 Tu as entre 18 et 25 ans (ou 30 si tu es reconnu-e en situation de handicap) ? Tu souhaites contribuer \u00e0 la solidarit\u00e9 \u00e9tudiante et d\u00e9couvrir de nouvelles personnes ? Comme chaque ann\u00e9e l&rsquo;AFGES recrute des volontaires en Service Civique pour l&rsquo;ann\u00e9e 2025-2026 ! C\u2019est quoi exactement, le volontariat en service civique ? [&hellip;]","og_url":"https:\/\/www.afges.org\/vsc\/","og_site_name":"AFGES","article_publisher":"https:\/\/www.facebook.com\/AFGES","article_author":"https:\/\/www.facebook.com\/agorae.strasbourg","article_published_time":"2025-06-05T09:06:21+00:00","article_modified_time":"2025-06-05T09:06:52+00:00","og_image":[{"width":1024,"height":366,"url":"https:\/\/interne.afges.org\/wp-content\/uploads\/2023\/07\/Design-sans-titre-4-1024x366.png","type":"image\/png"}],"author":"Thomas RODENSTEIN-SCHUBNEL","twitter_card":"summary_large_image","twitter_creator":"@https:\/\/x.com\/Agorae_Strasbg","twitter_site":"@AFGES","twitter_misc":{"Written by":"Thomas RODENSTEIN-SCHUBNEL","Est. reading time":"3 minutes"},"schema":{"@context":"https:\/\/schema.org","@graph":[{"@type":"Article","@id":"https:\/\/www.afges.org\/vsc\/#article","isPartOf":{"@id":"https:\/\/www.afges.org\/vsc\/"},"author":{"name":"Thomas RODENSTEIN-SCHUBNEL","@id":"https:\/\/www.afges.org\/#\/schema\/person\/c9cc1b4e7d38c89695ff7c584467410d"},"headline":"L&rsquo;AFGES recrute des volontaires en service civique","datePublished":"2025-06-05T09:06:21+00:00","dateModified":"2025-06-05T09:06:52+00:00","mainEntityOfPage":{"@id":"https:\/\/www.afges.org\/vsc\/"},"wordCount":539,"publisher":{"@id":"https:\/\/www.afges.org\/#organization"},"image":{"@id":"https:\/\/www.afges.org\/vsc\/#primaryimage"},"thumbnailUrl":"\/wp-content\/uploads\/2023\/07\/Design-sans-titre-4.png","articleSection":["AGORA\u00e9","Citoyennet\u00e9","Emploi &amp; B\u00e9n\u00e9volat"],"inLanguage":"en-US"},{"@type":"WebPage","@id":"https:\/\/www.afges.org\/vsc\/","url":"https:\/\/www.afges.org\/vsc\/","name":"L'AFGES recrute des volontaires en service civique - AFGES","isPartOf":{"@id":"https:\/\/www.afges.org\/#website"},"primaryImageOfPage":{"@id":"https:\/\/www.afges.org\/vsc\/#primaryimage"},"image":{"@id":"https:\/\/www.afges.org\/vsc\/#primaryimage"},"thumbnailUrl":"\/wp-content\/uploads\/2023\/07\/Design-sans-titre-4.png","datePublished":"2025-06-05T09:06:21+00:00","dateModified":"2025-06-05T09:06:52+00:00","breadcrumb":{"@id":"https:\/\/www.afges.org\/vsc\/#breadcrumb"},"inLanguage":"en-US","potentialAction":[{"@type":"ReadAction","target":["https:\/\/www.afges.org\/vsc\/"]}]},{"@type":"ImageObject","inLanguage":"en-US","@id":"https:\/\/www.afges.org\/vsc\/#primaryimage","url":"\/wp-content\/uploads\/2023\/07\/Design-sans-titre-4.png","contentUrl":"\/wp-content\/uploads\/2023\/07\/Design-sans-titre-4.png","width":6912,"height":2473},{"@type":"BreadcrumbList","@id":"https:\/\/www.afges.org\/vsc\/#breadcrumb","itemListElement":[{"@type":"ListItem","position":1,"name":"Accueil","item":"https:\/\/www.afges.org\/"},{"@type":"ListItem","position":2,"name":"L&rsquo;AFGES recrute des volontaires en service civique"}]},{"@type":"WebSite","@id":"https:\/\/www.afges.org\/#website","url":"https:\/\/www.afges.org\/","name":"AFGES, les \u00c9tudiant-e-s d\u2019Alsace","description":"Les \u00c9tudiant-e-s d\u2019Alsace","publisher":{"@id":"https:\/\/www.afges.org\/#organization"},"potentialAction":[{"@type":"SearchAction","target":{"@type":"EntryPoint","urlTemplate":"https:\/\/www.afges.org\/?s={search_term_string}"},"query-input":{"@type":"PropertyValueSpecification","valueRequired":true,"valueName":"search_term_string"}}],"inLanguage":"en-US"},{"@type":"Organization","@id":"https:\/\/www.afges.org\/#organization","name":"AFGES, les \u00c9tudiant-e-s d\u2019Alsace","url":"https:\/\/www.afges.org\/","logo":{"@type":"ImageObject","inLanguage":"en-US","@id":"https:\/\/www.afges.org\/#\/schema\/logo\/image\/","url":"\/wp-content\/uploads\/2025\/08\/Logo-AFGES-Orange-scaled.png","contentUrl":"\/wp-content\/uploads\/2025\/08\/Logo-AFGES-Orange-scaled.png","width":2302,"height":2560,"caption":"AFGES, les \u00c9tudiant-e-s d\u2019Alsace"},"image":{"@id":"https:\/\/www.afges.org\/#\/schema\/logo\/image\/"},"sameAs":["https:\/\/www.facebook.com\/AFGES","https:\/\/x.com\/AFGES"]},{"@type":"Person","@id":"https:\/\/www.afges.org\/#\/schema\/person\/c9cc1b4e7d38c89695ff7c584467410d","name":"Thomas RODENSTEIN-SCHUBNEL","description":"Charg\u00e9 de Mission AGORA\u00e9 (salari\u00e9) de l'AFGES","sameAs":["https:\/\/afges.org\/agorae\/","https:\/\/www.facebook.com\/agorae.strasbourg","https:\/\/www.instagram.com\/agorae_strasbg\/","https:\/\/x.com\/https:\/\/x.com\/Agorae_Strasbg"],"url":"https:\/\/interne.afges.org\/en\/author\/t-schubnel\/"}]}},"_links":{"self":[{"href":"https:\/\/interne.afges.org\/en\/wp-json\/wp\/v2\/posts\/1572","targetHints":{"allow":["GET"]}}],"collection":[{"href":"https:\/\/interne.afges.org\/en\/wp-json\/wp\/v2\/posts"}],"about":[{"href":"https:\/\/interne.afges.org\/en\/wp-json\/wp\/v2\/types\/post"}],"author":[{"embeddable":true,"href":"https:\/\/interne.afges.org\/en\/wp-json\/wp\/v2\/users\/4"}],"replies":[{"embeddable":true,"href":"https:\/\/interne.afges.org\/en\/wp-json\/wp\/v2\/comments?post=1572"}],"version-history":[{"count":2,"href":"https:\/\/interne.afges.org\/en\/wp-json\/wp\/v2\/posts\/1572\/revisions"}],"predecessor-version":[{"id":1574,"href":"https:\/\/interne.afges.org\/en\/wp-json\/wp\/v2\/posts\/1572\/revisions\/1574"}],"wp:featuredmedia":[{"embeddable":true,"href":"https:\/\/interne.afges.org\/en\/wp-json\/wp\/v2\/media\/819"}],"wp:attachment":[{"href":"https:\/\/interne.afges.org\/en\/wp-json\/wp\/v2\/media?parent=1572"}],"wp:term":[{"taxonomy":"category","embeddable":true,"href":"https:\/\/interne.afges.org\/en\/wp-json\/wp\/v2\/categories?post=1572"},{"taxonomy":"post_tag","embeddable":true,"href":"https:\/\/interne.afges.org\/en\/wp-json\/wp\/v2\/tags?post=1572"}],"curies":[{"name":"wp","href":"https:\/\/api.w.org\/{rel}","templated":true}]}}