{"id":1337,"date":"2024-12-06T10:37:26","date_gmt":"2024-12-06T09:37:26","guid":{"rendered":"https:\/\/afges.org\/?p=1337"},"modified":"2024-12-06T10:42:58","modified_gmt":"2024-12-06T09:42:58","slug":"censure-du-gouvernement-des-priorites-politiques-a-revoir","status":"publish","type":"post","link":"https:\/\/interne.afges.org\/en\/censure-du-gouvernement-des-priorites-politiques-a-revoir\/","title":{"rendered":"CENSURE DU GOUVERNEMENT &#8211; Des priorit\u00e9s politiques \u00e0 revoir"},"content":{"rendered":"<div data-elementor-type=\"wp-post\" data-elementor-id=\"1337\" class=\"elementor elementor-1337\">\n\t\t\t\t<div class=\"elementor-element elementor-element-4c60da67 e-flex e-con-boxed e-con e-parent\" data-id=\"4c60da67\" data-element_type=\"container\" data-e-type=\"container\">\n\t\t\t\t\t<div class=\"e-con-inner\">\n\t\t\t\t<div class=\"elementor-element elementor-element-48ac97b elementor-widget elementor-widget-heading\" data-id=\"48ac97b\" data-element_type=\"widget\" data-e-type=\"widget\" data-widget_type=\"heading.default\">\n\t\t\t\t<div class=\"elementor-widget-container\">\n\t\t\t\t\t<h5 class=\"elementor-heading-title elementor-size-default\">L\u2019AFGES demande au futur gouvernement une prise en compte s\u00e9rieuse des besoins des universit\u00e9s et du service public. Les \u00e9tablissements d\u2019enseignement sup\u00e9rieur et les \u00e9tudiants doivent devenir une priorit\u00e9.<span style=\"background-color: var(--theme-palette-color-7);font-family: var(--theme-font-family);font-size: var(--theme-font-size);font-style: var(--theme-font-style, inherit);font-weight: var(--theme-font-weight);letter-spacing: var(--theme-letter-spacing);text-transform: var(--theme-text-transform)\"><\/span><\/h5>\t\t\t\t<\/div>\n\t\t\t\t<\/div>\n\t\t\t\t<div class=\"elementor-element elementor-element-d97556f elementor-widget elementor-widget-text-editor\" data-id=\"d97556f\" data-element_type=\"widget\" data-e-type=\"widget\" data-widget_type=\"text-editor.default\">\n\t\t\t\t<div class=\"elementor-widget-container\">\n\t\t\t\t\t\t\t\t\t<p><span style=\"font-family: inherit; font-size: inherit; font-style: inherit; font-variant-ligatures: inherit; font-variant-caps: inherit; font-weight: inherit; background-color: var(--theme-palette-color-7); color: var(--theme-text-color); letter-spacing: var(--theme-letter-spacing); text-transform: var(--theme-text-transform);\">\u00c0 l\u2019occasion des d\u00e9bats sur l\u2019adoption des lois budg\u00e9taires pour 2025, la motion de censure a \u00e9t\u00e9 adopt\u00e9e, faisant tomber le gouvernement apr\u00e8s l\u2019utilisation de l\u2019article 49.3. <\/span><span style=\"font-family: inherit; font-size: inherit; font-style: inherit; font-variant-ligatures: inherit; font-variant-caps: inherit; background-color: var(--theme-palette-color-7); color: var(--theme-text-color); letter-spacing: var(--theme-letter-spacing); text-transform: var(--theme-text-transform);\"><b>Ce moment historique, le premier en 62 ans, doit \u00eatre un signal fort sur la n\u00e9cessit\u00e9 de repenser les priorit\u00e9s politiques et budg\u00e9taires du pays.<\/b><\/span><\/p><p><span style=\"font-family: inherit; font-size: inherit; font-style: inherit; font-variant-ligatures: inherit; font-variant-caps: inherit; font-weight: inherit; background-color: var(--theme-palette-color-7); color: var(--theme-text-color); letter-spacing: var(--theme-letter-spacing); text-transform: var(--theme-text-transform);\">L\u2019AFGES n\u2019a eu de cesse d\u2019alerter sur les dangers li\u00e9s \u00e0 la diminution de 430 millions d\u2019euros de la subvention pour charges de service public impos\u00e9 par le Projet de Loi de Finance (PLF). Nous rappelons notre association au mouvement commun de France Universit\u00e9s et des organisations \u00e9tudiantes membres du r\u00e9seau de la FAGE, pour d\u00e9noncer le sous-financement chronique de l\u2019enseignement sup\u00e9rieur et de la recherche (ESR), et ses cons\u00e9quences d\u00e9sastreuses pour la soci\u00e9t\u00e9 et l\u2019avenir.<\/span><\/p><p><span style=\"font-family: inherit; font-size: inherit; font-style: inherit; font-variant-ligatures: inherit; font-variant-caps: inherit; font-weight: inherit; background-color: var(--theme-palette-color-7); color: var(--theme-text-color); letter-spacing: var(--theme-letter-spacing); text-transform: var(--theme-text-transform);\">Dans ce contexte, <\/span><span style=\"font-family: inherit; font-size: inherit; font-style: inherit; font-variant-ligatures: inherit; font-variant-caps: inherit; background-color: var(--theme-palette-color-7); color: var(--theme-text-color); letter-spacing: var(--theme-letter-spacing); text-transform: var(--theme-text-transform);\"><b>l\u2019AFGES demande au futur gouvernement une prise en compte s\u00e9rieuse des besoins des universit\u00e9s et du service public.<\/b><\/span><span style=\"font-family: inherit; font-size: inherit; font-style: inherit; font-variant-ligatures: inherit; font-variant-caps: inherit; font-weight: inherit; background-color: var(--theme-palette-color-7); color: var(--theme-text-color); letter-spacing: var(--theme-letter-spacing); text-transform: var(--theme-text-transform);\"> Les \u00e9tablissements d\u2019enseignement sup\u00e9rieur doivent devenir une priorit\u00e9, non pas une variable d\u2019ajustement budg\u00e9taire. Nous r\u00e9affirmons l\u2019urgence d\u2019agir pour renforcer le financement de l\u2019ESR, et pour reprendre des r\u00e9formes essentielles abandonn\u00e9es sous le pr\u00e9c\u00e9dent gouvernement, telles que la r\u00e9forme des bourses \u00e9tudiantes.<\/span><\/p><p><span style=\"font-family: inherit; font-size: inherit; font-style: inherit; font-variant-ligatures: inherit; font-variant-caps: inherit; background-color: var(--theme-palette-color-7); color: var(--theme-text-color); letter-spacing: var(--theme-letter-spacing); text-transform: var(--theme-text-transform);\"><b>Ce moment de rupture politique doit \u00eatre l\u2019occasion de placer les universit\u00e9s au c\u0153ur des discussions budg\u00e9taires<\/b><\/span><span style=\"font-family: inherit; font-size: inherit; font-style: inherit; font-variant-ligatures: inherit; font-variant-caps: inherit; font-weight: inherit; background-color: var(--theme-palette-color-7); color: var(--theme-text-color); letter-spacing: var(--theme-letter-spacing); text-transform: var(--theme-text-transform);\"> et de construire un avenir dans lequel l\u2019ESR sera trait\u00e9 \u00e0 la hauteur des enjeux qu\u2019il repr\u00e9sente pour l\u2019\u00e9mancipation des jeunes g\u00e9n\u00e9rations, le progr\u00e8s scientifique, la transition \u00e9cologique et l\u2019acc\u00e8s au savoir universel.<\/span><\/p>\t\t\t\t\t\t\t\t<\/div>\n\t\t\t\t<\/div>\n\t\t\t\t<div class=\"elementor-element elementor-element-f6e1f95 elementor-widget-divider--view-line elementor-widget elementor-widget-divider\" data-id=\"f6e1f95\" data-element_type=\"widget\" data-e-type=\"widget\" data-widget_type=\"divider.default\">\n\t\t\t\t<div class=\"elementor-widget-container\">\n\t\t\t\t\t\t\t<div class=\"elementor-divider\">\n\t\t\t<span class=\"elementor-divider-separator\">\n\t\t\t\t\t\t<\/span>\n\t\t<\/div>\n\t\t\t\t\t\t<\/div>\n\t\t\t\t<\/div>\n\t\t<div class=\"elementor-element elementor-element-1b73507 e-con-full e-flex e-con e-child\" data-id=\"1b73507\" data-element_type=\"container\" data-e-type=\"container\">\n\t\t\t\t<div class=\"elementor-element elementor-element-e9a7a83 elementor-widget elementor-widget-text-editor\" data-id=\"e9a7a83\" data-element_type=\"widget\" data-e-type=\"widget\" data-widget_type=\"text-editor.default\">\n\t\t\t\t<div class=\"elementor-widget-container\">\n\t\t\t\t\t\t\t\t\t<p><strong>Chlo\u00e9 HEYD<\/strong><\/p>\n<p>President<\/p>\n<p>presidente@afges.org<\/p>\t\t\t\t\t\t\t\t<\/div>\n\t\t\t\t<\/div>\n\t\t\t\t<div class=\"elementor-element elementor-element-70737ec elementor-widget elementor-widget-text-editor\" data-id=\"70737ec\" data-element_type=\"widget\" data-e-type=\"widget\" data-widget_type=\"text-editor.default\">\n\t\t\t\t<div class=\"elementor-widget-container\">\n\t\t\t\t\t\t\t\t\t<p><strong>J\u00e9r\u00e9my DARENNE<\/strong><\/p>\n<p>Premier Vice-Pr\u00e9sident<\/p>\n<p>presse@afges.org<\/p>\n<p>06.36.14.72.13<\/p>\t\t\t\t\t\t\t\t<\/div>\n\t\t\t\t<\/div>\n\t\t\t\t<\/div>\n\t\t<div class=\"elementor-element elementor-element-16c9f88 e-con-full e-flex e-con e-child\" data-id=\"16c9f88\" data-element_type=\"container\" data-e-type=\"container\">\n\t\t\t\t<div class=\"elementor-element elementor-element-e5ab31e elementor-view-default elementor-widget elementor-widget-icon\" data-id=\"e5ab31e\" data-element_type=\"widget\" data-e-type=\"widget\" data-widget_type=\"icon.default\">\n\t\t\t\t<div class=\"elementor-widget-container\">\n\t\t\t\t\t\t\t<div class=\"elementor-icon-wrapper\">\n\t\t\t<a class=\"elementor-icon\" href=\"\/wp-content\/uploads\/2024\/12\/Vierge_Communique-de-presse.pdf\">\n\t\t\t<svg aria-hidden=\"true\" class=\"e-font-icon-svg e-fas-file-download\" viewbox=\"0 0 384 512\" xmlns=\"http:\/\/www.w3.org\/2000\/svg\"><path d=\"M224 136V0H24C10.7 0 0 10.7 0 24v464c0 13.3 10.7 24 24 24h336c13.3 0 24-10.7 24-24V160H248c-13.2 0-24-10.8-24-24zm76.45 211.36l-96.42 95.7c-6.65 6.61-17.39 6.61-24.04 0l-96.42-95.7C73.42 337.29 80.54 320 94.82 320H160v-80c0-8.84 7.16-16 16-16h32c8.84 0 16 7.16 16 16v80h65.18c14.28 0 21.4 17.29 11.27 27.36zM377 105L279.1 7c-4.5-4.5-10.6-7-17-7H256v128h128v-6.1c0-6.3-2.5-12.4-7-16.9z\"><\/path><\/svg>\t\t\t<\/a>\n\t\t<\/div>\n\t\t\t\t\t\t<\/div>\n\t\t\t\t<\/div>\n\t\t\t\t<div class=\"elementor-element elementor-element-6a3300e elementor-view-default elementor-widget elementor-widget-icon\" data-id=\"6a3300e\" data-element_type=\"widget\" data-e-type=\"widget\" data-widget_type=\"icon.default\">\n\t\t\t\t<div class=\"elementor-widget-container\">\n\t\t\t\t\t\t\t<div class=\"elementor-icon-wrapper\">\n\t\t\t<a class=\"elementor-icon\" href=\"https:\/\/x.com\/AFGES\/status\/1864717778579492902\">\n\t\t\t<svg aria-hidden=\"true\" class=\"e-font-icon-svg e-fab-x-twitter\" viewbox=\"0 0 512 512\" xmlns=\"http:\/\/www.w3.org\/2000\/svg\"><path d=\"M389.2 48h70.6L305.6 224.2 487 464H345L233.7 318.6 106.5 464H35.8L200.7 275.5 26.8 48H172.4L272.9 180.9 389.2 48zM364.4 421.8h39.1L151.1 88h-42L364.4 421.8z\"><\/path><\/svg>\t\t\t<\/a>\n\t\t<\/div>\n\t\t\t\t\t\t<\/div>\n\t\t\t\t<\/div>\n\t\t\t\t<\/div>\n\t\t\t\t\t<\/div>\n\t\t\t\t<\/div>\n\t\t\t\t<\/div>","protected":false},"excerpt":{"rendered":"<p>L\u2019AFGES demande au futur gouvernement une prise en compte s\u00e9rieuse des besoins des universit\u00e9s et du service public. Les \u00e9tablissements d\u2019enseignement sup\u00e9rieur et les \u00e9tudiants doivent devenir une priorit\u00e9. \u00c0 l\u2019occasion des d\u00e9bats sur l\u2019adoption des lois budg\u00e9taires pour 2025, la motion de censure a \u00e9t\u00e9 adopt\u00e9e, faisant tomber le gouvernement apr\u00e8s l\u2019utilisation de l\u2019article [&hellip;]<\/p>\n","protected":false},"author":1,"featured_media":0,"comment_status":"closed","ping_status":"closed","sticky":false,"template":"","format":"standard","meta":{"footnotes":""},"categories":[12],"tags":[],"class_list":["post-1337","post","type-post","status-publish","format-standard","hentry","category-citoyennete"],"blocksy_meta":[],"yoast_head":"<!-- This site is optimized with the Yoast SEO plugin v27.2 - https:\/\/yoast.com\/product\/yoast-seo-wordpress\/ -->\n<title>CENSURE DU GOUVERNEMENT - Des priorit\u00e9s politiques \u00e0 revoir - AFGES<\/title>\n<meta name=\"robots\" content=\"index, follow, max-snippet:-1, max-image-preview:large, max-video-preview:-1\" \/>\n<link rel=\"canonical\" href=\"https:\/\/afges.org\/en\/censure-du-gouvernement-des-priorites-politiques-a-revoir\/\" \/>\n<meta property=\"og:locale\" content=\"en_US\" \/>\n<meta property=\"og:type\" content=\"article\" \/>\n<meta property=\"og:title\" content=\"CENSURE DU GOUVERNEMENT - Des priorit\u00e9s politiques \u00e0 revoir - AFGES\" \/>\n<meta property=\"og:description\" content=\"L\u2019AFGES demande au futur gouvernement une prise en compte s\u00e9rieuse des besoins des universit\u00e9s et du service public. Les \u00e9tablissements d\u2019enseignement sup\u00e9rieur et les \u00e9tudiants doivent devenir une priorit\u00e9. \u00c0 l\u2019occasion des d\u00e9bats sur l\u2019adoption des lois budg\u00e9taires pour 2025, la motion de censure a \u00e9t\u00e9 adopt\u00e9e, faisant tomber le gouvernement apr\u00e8s l\u2019utilisation de l\u2019article [&hellip;]\" \/>\n<meta property=\"og:url\" content=\"https:\/\/afges.org\/en\/censure-du-gouvernement-des-priorites-politiques-a-revoir\/\" \/>\n<meta property=\"og:site_name\" content=\"AFGES\" \/>\n<meta property=\"article:publisher\" content=\"https:\/\/www.facebook.com\/AFGES\" \/>\n<meta property=\"article:published_time\" content=\"2024-12-06T09:37:26+00:00\" \/>\n<meta property=\"article:modified_time\" content=\"2024-12-06T09:42:58+00:00\" \/>\n<meta name=\"author\" content=\"AFGES\" \/>\n<meta name=\"twitter:card\" content=\"summary_large_image\" \/>\n<meta name=\"twitter:creator\" content=\"@AFGES\" \/>\n<meta name=\"twitter:site\" content=\"@AFGES\" \/>\n<meta name=\"twitter:label1\" content=\"Written by\" \/>\n\t<meta name=\"twitter:data1\" content=\"AFGES\" \/>\n\t<meta name=\"twitter:label2\" content=\"Est. reading time\" \/>\n\t<meta name=\"twitter:data2\" content=\"2 minutes\" \/>\n<script type=\"application\/ld+json\" class=\"yoast-schema-graph\">{\"@context\":\"https:\/\/schema.org\",\"@graph\":[{\"@type\":\"Article\",\"@id\":\"https:\/\/afges.org\/en\/censure-du-gouvernement-des-priorites-politiques-a-revoir\/#article\",\"isPartOf\":{\"@id\":\"https:\/\/afges.org\/en\/censure-du-gouvernement-des-priorites-politiques-a-revoir\/\"},\"author\":{\"name\":\"AFGES\",\"@id\":\"https:\/\/www.afges.org\/#\/schema\/person\/c7715983ea2a112d0bb3fdaba2346605\"},\"headline\":\"CENSURE DU GOUVERNEMENT &#8211; Des priorit\u00e9s politiques \u00e0 revoir\",\"datePublished\":\"2024-12-06T09:37:26+00:00\",\"dateModified\":\"2024-12-06T09:42:58+00:00\",\"mainEntityOfPage\":{\"@id\":\"https:\/\/afges.org\/en\/censure-du-gouvernement-des-priorites-politiques-a-revoir\/\"},\"wordCount\":348,\"publisher\":{\"@id\":\"https:\/\/www.afges.org\/#organization\"},\"articleSection\":[\"Citoyennet\u00e9\"],\"inLanguage\":\"en-US\"},{\"@type\":\"WebPage\",\"@id\":\"https:\/\/afges.org\/en\/censure-du-gouvernement-des-priorites-politiques-a-revoir\/\",\"url\":\"https:\/\/afges.org\/en\/censure-du-gouvernement-des-priorites-politiques-a-revoir\/\",\"name\":\"CENSURE DU GOUVERNEMENT - Des priorit\u00e9s politiques \u00e0 revoir - AFGES\",\"isPartOf\":{\"@id\":\"https:\/\/www.afges.org\/#website\"},\"datePublished\":\"2024-12-06T09:37:26+00:00\",\"dateModified\":\"2024-12-06T09:42:58+00:00\",\"breadcrumb\":{\"@id\":\"https:\/\/afges.org\/en\/censure-du-gouvernement-des-priorites-politiques-a-revoir\/#breadcrumb\"},\"inLanguage\":\"en-US\",\"potentialAction\":[{\"@type\":\"ReadAction\",\"target\":[\"https:\/\/afges.org\/en\/censure-du-gouvernement-des-priorites-politiques-a-revoir\/\"]}]},{\"@type\":\"BreadcrumbList\",\"@id\":\"https:\/\/afges.org\/en\/censure-du-gouvernement-des-priorites-politiques-a-revoir\/#breadcrumb\",\"itemListElement\":[{\"@type\":\"ListItem\",\"position\":1,\"name\":\"Accueil\",\"item\":\"https:\/\/www.afges.org\/\"},{\"@type\":\"ListItem\",\"position\":2,\"name\":\"CENSURE DU GOUVERNEMENT &#8211; Des priorit\u00e9s politiques \u00e0 revoir\"}]},{\"@type\":\"WebSite\",\"@id\":\"https:\/\/www.afges.org\/#website\",\"url\":\"https:\/\/www.afges.org\/\",\"name\":\"AFGES, les \u00c9tudiant-e-s d\u2019Alsace\",\"description\":\"Les \u00c9tudiant-e-s d\u2019Alsace\",\"publisher\":{\"@id\":\"https:\/\/www.afges.org\/#organization\"},\"potentialAction\":[{\"@type\":\"SearchAction\",\"target\":{\"@type\":\"EntryPoint\",\"urlTemplate\":\"https:\/\/www.afges.org\/?s={search_term_string}\"},\"query-input\":{\"@type\":\"PropertyValueSpecification\",\"valueRequired\":true,\"valueName\":\"search_term_string\"}}],\"inLanguage\":\"en-US\"},{\"@type\":\"Organization\",\"@id\":\"https:\/\/www.afges.org\/#organization\",\"name\":\"AFGES, les \u00c9tudiant-e-s d\u2019Alsace\",\"url\":\"https:\/\/www.afges.org\/\",\"logo\":{\"@type\":\"ImageObject\",\"inLanguage\":\"en-US\",\"@id\":\"https:\/\/www.afges.org\/#\/schema\/logo\/image\/\",\"url\":\"\/wp-content\/uploads\/2025\/08\/Logo-AFGES-Orange-scaled.png\",\"contentUrl\":\"\/wp-content\/uploads\/2025\/08\/Logo-AFGES-Orange-scaled.png\",\"width\":2302,\"height\":2560,\"caption\":\"AFGES, les \u00c9tudiant-e-s d\u2019Alsace\"},\"image\":{\"@id\":\"https:\/\/www.afges.org\/#\/schema\/logo\/image\/\"},\"sameAs\":[\"https:\/\/www.facebook.com\/AFGES\",\"https:\/\/x.com\/AFGES\"]},{\"@type\":\"Person\",\"@id\":\"https:\/\/www.afges.org\/#\/schema\/person\/c7715983ea2a112d0bb3fdaba2346605\",\"name\":\"AFGES\",\"description\":\"Administrateur Syst\u00e8me de l'AFGES \/ webmaster@afges.org\",\"sameAs\":[\"https:\/\/afges.org\"],\"url\":\"https:\/\/interne.afges.org\/en\/author\/numerique\/\"}]}<\/script>\n<!-- \/ Yoast SEO plugin. -->","yoast_head_json":{"title":"CENSURE DU GOUVERNEMENT - Des priorit\u00e9s politiques \u00e0 revoir - AFGES","robots":{"index":"index","follow":"follow","max-snippet":"max-snippet:-1","max-image-preview":"max-image-preview:large","max-video-preview":"max-video-preview:-1"},"canonical":"https:\/\/afges.org\/en\/censure-du-gouvernement-des-priorites-politiques-a-revoir\/","og_locale":"en_US","og_type":"article","og_title":"CENSURE DU GOUVERNEMENT - Des priorit\u00e9s politiques \u00e0 revoir - AFGES","og_description":"L\u2019AFGES demande au futur gouvernement une prise en compte s\u00e9rieuse des besoins des universit\u00e9s et du service public. Les \u00e9tablissements d\u2019enseignement sup\u00e9rieur et les \u00e9tudiants doivent devenir une priorit\u00e9. \u00c0 l\u2019occasion des d\u00e9bats sur l\u2019adoption des lois budg\u00e9taires pour 2025, la motion de censure a \u00e9t\u00e9 adopt\u00e9e, faisant tomber le gouvernement apr\u00e8s l\u2019utilisation de l\u2019article [&hellip;]","og_url":"https:\/\/afges.org\/en\/censure-du-gouvernement-des-priorites-politiques-a-revoir\/","og_site_name":"AFGES","article_publisher":"https:\/\/www.facebook.com\/AFGES","article_published_time":"2024-12-06T09:37:26+00:00","article_modified_time":"2024-12-06T09:42:58+00:00","author":"AFGES","twitter_card":"summary_large_image","twitter_creator":"@AFGES","twitter_site":"@AFGES","twitter_misc":{"Written by":"AFGES","Est. reading time":"2 minutes"},"schema":{"@context":"https:\/\/schema.org","@graph":[{"@type":"Article","@id":"https:\/\/afges.org\/en\/censure-du-gouvernement-des-priorites-politiques-a-revoir\/#article","isPartOf":{"@id":"https:\/\/afges.org\/en\/censure-du-gouvernement-des-priorites-politiques-a-revoir\/"},"author":{"name":"AFGES","@id":"https:\/\/www.afges.org\/#\/schema\/person\/c7715983ea2a112d0bb3fdaba2346605"},"headline":"CENSURE DU GOUVERNEMENT &#8211; Des priorit\u00e9s politiques \u00e0 revoir","datePublished":"2024-12-06T09:37:26+00:00","dateModified":"2024-12-06T09:42:58+00:00","mainEntityOfPage":{"@id":"https:\/\/afges.org\/en\/censure-du-gouvernement-des-priorites-politiques-a-revoir\/"},"wordCount":348,"publisher":{"@id":"https:\/\/www.afges.org\/#organization"},"articleSection":["Citoyennet\u00e9"],"inLanguage":"en-US"},{"@type":"WebPage","@id":"https:\/\/afges.org\/en\/censure-du-gouvernement-des-priorites-politiques-a-revoir\/","url":"https:\/\/afges.org\/en\/censure-du-gouvernement-des-priorites-politiques-a-revoir\/","name":"CENSURE DU GOUVERNEMENT - Des priorit\u00e9s politiques \u00e0 revoir - AFGES","isPartOf":{"@id":"https:\/\/www.afges.org\/#website"},"datePublished":"2024-12-06T09:37:26+00:00","dateModified":"2024-12-06T09:42:58+00:00","breadcrumb":{"@id":"https:\/\/afges.org\/en\/censure-du-gouvernement-des-priorites-politiques-a-revoir\/#breadcrumb"},"inLanguage":"en-US","potentialAction":[{"@type":"ReadAction","target":["https:\/\/afges.org\/en\/censure-du-gouvernement-des-priorites-politiques-a-revoir\/"]}]},{"@type":"BreadcrumbList","@id":"https:\/\/afges.org\/en\/censure-du-gouvernement-des-priorites-politiques-a-revoir\/#breadcrumb","itemListElement":[{"@type":"ListItem","position":1,"name":"Accueil","item":"https:\/\/www.afges.org\/"},{"@type":"ListItem","position":2,"name":"CENSURE DU GOUVERNEMENT &#8211; Des priorit\u00e9s politiques \u00e0 revoir"}]},{"@type":"WebSite","@id":"https:\/\/www.afges.org\/#website","url":"https:\/\/www.afges.org\/","name":"AFGES, les \u00c9tudiant-e-s d\u2019Alsace","description":"Les \u00c9tudiant-e-s d\u2019Alsace","publisher":{"@id":"https:\/\/www.afges.org\/#organization"},"potentialAction":[{"@type":"SearchAction","target":{"@type":"EntryPoint","urlTemplate":"https:\/\/www.afges.org\/?s={search_term_string}"},"query-input":{"@type":"PropertyValueSpecification","valueRequired":true,"valueName":"search_term_string"}}],"inLanguage":"en-US"},{"@type":"Organization","@id":"https:\/\/www.afges.org\/#organization","name":"AFGES, les \u00c9tudiant-e-s d\u2019Alsace","url":"https:\/\/www.afges.org\/","logo":{"@type":"ImageObject","inLanguage":"en-US","@id":"https:\/\/www.afges.org\/#\/schema\/logo\/image\/","url":"\/wp-content\/uploads\/2025\/08\/Logo-AFGES-Orange-scaled.png","contentUrl":"\/wp-content\/uploads\/2025\/08\/Logo-AFGES-Orange-scaled.png","width":2302,"height":2560,"caption":"AFGES, les \u00c9tudiant-e-s d\u2019Alsace"},"image":{"@id":"https:\/\/www.afges.org\/#\/schema\/logo\/image\/"},"sameAs":["https:\/\/www.facebook.com\/AFGES","https:\/\/x.com\/AFGES"]},{"@type":"Person","@id":"https:\/\/www.afges.org\/#\/schema\/person\/c7715983ea2a112d0bb3fdaba2346605","name":"AFGES","description":"Administrateur Syst\u00e8me de l'AFGES \/ webmaster@afges.org","sameAs":["https:\/\/afges.org"],"url":"https:\/\/interne.afges.org\/en\/author\/numerique\/"}]}},"_links":{"self":[{"href":"https:\/\/interne.afges.org\/en\/wp-json\/wp\/v2\/posts\/1337","targetHints":{"allow":["GET"]}}],"collection":[{"href":"https:\/\/interne.afges.org\/en\/wp-json\/wp\/v2\/posts"}],"about":[{"href":"https:\/\/interne.afges.org\/en\/wp-json\/wp\/v2\/types\/post"}],"author":[{"embeddable":true,"href":"https:\/\/interne.afges.org\/en\/wp-json\/wp\/v2\/users\/1"}],"replies":[{"embeddable":true,"href":"https:\/\/interne.afges.org\/en\/wp-json\/wp\/v2\/comments?post=1337"}],"version-history":[{"count":4,"href":"https:\/\/interne.afges.org\/en\/wp-json\/wp\/v2\/posts\/1337\/revisions"}],"predecessor-version":[{"id":1342,"href":"https:\/\/interne.afges.org\/en\/wp-json\/wp\/v2\/posts\/1337\/revisions\/1342"}],"wp:attachment":[{"href":"https:\/\/interne.afges.org\/en\/wp-json\/wp\/v2\/media?parent=1337"}],"wp:term":[{"taxonomy":"category","embeddable":true,"href":"https:\/\/interne.afges.org\/en\/wp-json\/wp\/v2\/categories?post=1337"},{"taxonomy":"post_tag","embeddable":true,"href":"https:\/\/interne.afges.org\/en\/wp-json\/wp\/v2\/tags?post=1337"}],"curies":[{"name":"wp","href":"https:\/\/api.w.org\/{rel}","templated":true}]}}