{"id":1317,"date":"2024-12-03T21:48:30","date_gmt":"2024-12-03T20:48:30","guid":{"rendered":"https:\/\/afges.org\/?p=1317"},"modified":"2024-12-03T21:52:54","modified_gmt":"2024-12-03T20:52:54","slug":"sous-financement-des-universites-mobilises-pour-lavenir-des-etablissements","status":"publish","type":"post","link":"https:\/\/interne.afges.org\/en\/sous-financement-des-universites-mobilises-pour-lavenir-des-etablissements\/","title":{"rendered":"SOUS FINANCEMENT DES UNIVERSIT\u00c9S &#8211; Mobilis\u00e9s pour l\u2019avenir des \u00e9tablissements"},"content":{"rendered":"<div data-elementor-type=\"wp-post\" data-elementor-id=\"1317\" class=\"elementor elementor-1317\">\n\t\t\t\t<div class=\"elementor-element elementor-element-4c60da67 e-flex e-con-boxed e-con e-parent\" data-id=\"4c60da67\" data-element_type=\"container\" data-e-type=\"container\">\n\t\t\t\t\t<div class=\"e-con-inner\">\n\t\t\t\t<div class=\"elementor-element elementor-element-48ac97b elementor-widget elementor-widget-heading\" data-id=\"48ac97b\" data-element_type=\"widget\" data-e-type=\"widget\" data-widget_type=\"heading.default\">\n\t\t\t\t<div class=\"elementor-widget-container\">\n\t\t\t\t\t<h5 class=\"elementor-heading-title elementor-size-default\">Face \u00e0 la mise en danger des universit\u00e9s par le Projet de Loi de Finance 2025, nous rejoignons la mobilisation nationale des universit\u00e9s et des \u00e9tudiants. Nous appelons \u00e0 un rassemblement ce soir \u00e0 18h devant l\u2019Institut Le Bel, pour d\u00e9fendre l'avenir des universit\u00e9s.<\/h5>\t\t\t\t<\/div>\n\t\t\t\t<\/div>\n\t\t\t\t<div class=\"elementor-element elementor-element-d97556f elementor-widget elementor-widget-text-editor\" data-id=\"d97556f\" data-element_type=\"widget\" data-e-type=\"widget\" data-widget_type=\"text-editor.default\">\n\t\t\t\t<div class=\"elementor-widget-container\">\n\t\t\t\t\t\t\t\t\t<p>Le 15 octobre dernier, le congr\u00e8s de l\u2019Universit\u00e9 de Strasbourg alertait \u00e0 travers une motion sur les cons\u00e9quences d\u00e9sastreuses de la baisse de 430 millions d\u2019euros de la subvention pour charges de service public, inscrite dans le Projet de Loi de Finances (PLF) 2025. <b>Cette r\u00e9duction menace directement la qualit\u00e9 de l\u2019enseignement, la capacit\u00e9 d\u2019accueil des \u00e9tudiants, les conditions d\u2019\u00e9tudes, et la p\u00e9rennit\u00e9 des universit\u00e9s.<\/b><\/p>\n<p>Alors que l\u2019Universit\u00e9 de Strasbourg subit d\u00e9j\u00e0 un d\u00e9ficit structurel annuel de pr\u00e8s de 20 millions d\u2019euros, ce sont cette ann\u00e9e 180 millions d\u2019euro en moins allou\u00e9s aux universit\u00e9s.<\/p>\n<p>L\u2019Enseignement Sup\u00e9rieur et la Recherche (ESR) ne peuvent \u00eatre r\u00e9duits \u00e0 une simple d\u00e9pense budg\u00e9taire. Ils sont un investissement strat\u00e9gique pour l\u2019\u00e9mancipation des jeunes g\u00e9n\u00e9rations, le progr\u00e8s scientifique, la transition \u00e9cologique et l\u2019acc\u00e8s au savoir universel. Saboter l\u2019ESR, c\u2019est compromettre l\u2019avenir du pays.<\/p>\n<p>Face \u00e0 cette situation alarmante, l\u2019AFGES rejoint la mobilisation nationale des universit\u00e9s et des organisations \u00e9tudiantes membres de la FAGE.<b> Nous appelons \u00e0 un rassemblement ce soir \u00e0 18h devant l\u2019Institut Le Bel, <\/b>\u00e0 la sortie du Conseil acad\u00e9mique de l\u2019Universit\u00e9 de Strasbourg, pour exiger de l\u2019\u00c9tat un financement \u00e0 la hauteur des enjeux et d\u00e9fendre un ESR ambitieux, \u00e9mancipateur et accessible.<\/p>\t\t\t\t\t\t\t\t<\/div>\n\t\t\t\t<\/div>\n\t\t\t\t<div class=\"elementor-element elementor-element-f6e1f95 elementor-widget-divider--view-line elementor-widget elementor-widget-divider\" data-id=\"f6e1f95\" data-element_type=\"widget\" data-e-type=\"widget\" data-widget_type=\"divider.default\">\n\t\t\t\t<div class=\"elementor-widget-container\">\n\t\t\t\t\t\t\t<div class=\"elementor-divider\">\n\t\t\t<span class=\"elementor-divider-separator\">\n\t\t\t\t\t\t<\/span>\n\t\t<\/div>\n\t\t\t\t\t\t<\/div>\n\t\t\t\t<\/div>\n\t\t<div class=\"elementor-element elementor-element-1b73507 e-con-full e-flex e-con e-child\" data-id=\"1b73507\" data-element_type=\"container\" data-e-type=\"container\">\n\t\t\t\t<div class=\"elementor-element elementor-element-e9a7a83 elementor-widget elementor-widget-text-editor\" data-id=\"e9a7a83\" data-element_type=\"widget\" data-e-type=\"widget\" data-widget_type=\"text-editor.default\">\n\t\t\t\t<div class=\"elementor-widget-container\">\n\t\t\t\t\t\t\t\t\t<p><strong>Chlo\u00e9 HEYD<\/strong><\/p>\n<p>President<\/p>\n<p>presidente@afges.org<\/p>\t\t\t\t\t\t\t\t<\/div>\n\t\t\t\t<\/div>\n\t\t\t\t<div class=\"elementor-element elementor-element-70737ec elementor-widget elementor-widget-text-editor\" data-id=\"70737ec\" data-element_type=\"widget\" data-e-type=\"widget\" data-widget_type=\"text-editor.default\">\n\t\t\t\t<div class=\"elementor-widget-container\">\n\t\t\t\t\t\t\t\t\t<p><strong>J\u00e9r\u00e9my DARENNE<\/strong><\/p>\n<p>Premier Vice-Pr\u00e9sident<\/p>\n<p>presse@afges.org<\/p>\n<p>06.36.14.72.13<\/p>\t\t\t\t\t\t\t\t<\/div>\n\t\t\t\t<\/div>\n\t\t\t\t<\/div>\n\t\t<div class=\"elementor-element elementor-element-16c9f88 e-con-full e-flex e-con e-child\" data-id=\"16c9f88\" data-element_type=\"container\" data-e-type=\"container\">\n\t\t\t\t<div class=\"elementor-element elementor-element-e5ab31e elementor-view-default elementor-widget elementor-widget-icon\" data-id=\"e5ab31e\" data-element_type=\"widget\" data-e-type=\"widget\" data-widget_type=\"icon.default\">\n\t\t\t\t<div class=\"elementor-widget-container\">\n\t\t\t\t\t\t\t<div class=\"elementor-icon-wrapper\">\n\t\t\t<a class=\"elementor-icon\" href=\"\/wp-content\/uploads\/2024\/12\/CDP-Sous-financement-des-universites.pdf\">\n\t\t\t<svg aria-hidden=\"true\" class=\"e-font-icon-svg e-fas-file-download\" viewbox=\"0 0 384 512\" xmlns=\"http:\/\/www.w3.org\/2000\/svg\"><path d=\"M224 136V0H24C10.7 0 0 10.7 0 24v464c0 13.3 10.7 24 24 24h336c13.3 0 24-10.7 24-24V160H248c-13.2 0-24-10.8-24-24zm76.45 211.36l-96.42 95.7c-6.65 6.61-17.39 6.61-24.04 0l-96.42-95.7C73.42 337.29 80.54 320 94.82 320H160v-80c0-8.84 7.16-16 16-16h32c8.84 0 16 7.16 16 16v80h65.18c14.28 0 21.4 17.29 11.27 27.36zM377 105L279.1 7c-4.5-4.5-10.6-7-17-7H256v128h128v-6.1c0-6.3-2.5-12.4-7-16.9z\"><\/path><\/svg>\t\t\t<\/a>\n\t\t<\/div>\n\t\t\t\t\t\t<\/div>\n\t\t\t\t<\/div>\n\t\t\t\t<div class=\"elementor-element elementor-element-6a3300e elementor-view-default elementor-widget elementor-widget-icon\" data-id=\"6a3300e\" data-element_type=\"widget\" data-e-type=\"widget\" data-widget_type=\"icon.default\">\n\t\t\t\t<div class=\"elementor-widget-container\">\n\t\t\t\t\t\t\t<div class=\"elementor-icon-wrapper\">\n\t\t\t<a class=\"elementor-icon\" href=\"https:\/\/x.com\/AFGES\/status\/1863958538919252338\">\n\t\t\t<svg aria-hidden=\"true\" class=\"e-font-icon-svg e-fab-x-twitter\" viewbox=\"0 0 512 512\" xmlns=\"http:\/\/www.w3.org\/2000\/svg\"><path d=\"M389.2 48h70.6L305.6 224.2 487 464H345L233.7 318.6 106.5 464H35.8L200.7 275.5 26.8 48H172.4L272.9 180.9 389.2 48zM364.4 421.8h39.1L151.1 88h-42L364.4 421.8z\"><\/path><\/svg>\t\t\t<\/a>\n\t\t<\/div>\n\t\t\t\t\t\t<\/div>\n\t\t\t\t<\/div>\n\t\t\t\t<\/div>\n\t\t\t\t\t<\/div>\n\t\t\t\t<\/div>\n\t\t\t\t<\/div>","protected":false},"excerpt":{"rendered":"<p>Face \u00e0 la mise en danger des universit\u00e9s par le Projet de Loi de Finance 2025, nous rejoignons la mobilisation nationale des universit\u00e9s et des \u00e9tudiants. Nous appelons \u00e0 un rassemblement ce soir \u00e0 18h devant l\u2019Institut Le Bel, pour d\u00e9fendre l&rsquo;avenir des universit\u00e9s. Le 15 octobre dernier, le congr\u00e8s de l\u2019Universit\u00e9 de Strasbourg alertait [&hellip;]<\/p>\n","protected":false},"author":1,"featured_media":0,"comment_status":"closed","ping_status":"closed","sticky":false,"template":"","format":"standard","meta":{"footnotes":""},"categories":[12],"tags":[],"class_list":["post-1317","post","type-post","status-publish","format-standard","hentry","category-citoyennete"],"blocksy_meta":[],"yoast_head":"<!-- This site is optimized with the Yoast SEO plugin v27.2 - https:\/\/yoast.com\/product\/yoast-seo-wordpress\/ -->\n<title>SOUS FINANCEMENT DES UNIVERSIT\u00c9S - Mobilis\u00e9s pour l\u2019avenir des \u00e9tablissements - AFGES<\/title>\n<meta name=\"robots\" content=\"index, follow, max-snippet:-1, max-image-preview:large, max-video-preview:-1\" \/>\n<link rel=\"canonical\" href=\"https:\/\/afges.azurewebsites.net\/en\/sous-financement-des-universites-mobilises-pour-lavenir-des-etablissements\/\" \/>\n<meta property=\"og:locale\" content=\"en_US\" \/>\n<meta property=\"og:type\" content=\"article\" \/>\n<meta property=\"og:title\" content=\"SOUS FINANCEMENT DES UNIVERSIT\u00c9S - Mobilis\u00e9s pour l\u2019avenir des \u00e9tablissements - AFGES\" \/>\n<meta property=\"og:description\" content=\"Face \u00e0 la mise en danger des universit\u00e9s par le Projet de Loi de Finance 2025, nous rejoignons la mobilisation nationale des universit\u00e9s et des \u00e9tudiants. Nous appelons \u00e0 un rassemblement ce soir \u00e0 18h devant l\u2019Institut Le Bel, pour d\u00e9fendre l&rsquo;avenir des universit\u00e9s. Le 15 octobre dernier, le congr\u00e8s de l\u2019Universit\u00e9 de Strasbourg alertait [&hellip;]\" \/>\n<meta property=\"og:url\" content=\"https:\/\/afges.azurewebsites.net\/en\/sous-financement-des-universites-mobilises-pour-lavenir-des-etablissements\/\" \/>\n<meta property=\"og:site_name\" content=\"AFGES\" \/>\n<meta property=\"article:publisher\" content=\"https:\/\/www.facebook.com\/AFGES\" \/>\n<meta property=\"article:published_time\" content=\"2024-12-03T20:48:30+00:00\" \/>\n<meta property=\"article:modified_time\" content=\"2024-12-03T20:52:54+00:00\" \/>\n<meta name=\"author\" content=\"AFGES\" \/>\n<meta name=\"twitter:card\" content=\"summary_large_image\" \/>\n<meta name=\"twitter:creator\" content=\"@AFGES\" \/>\n<meta name=\"twitter:site\" content=\"@AFGES\" \/>\n<meta name=\"twitter:label1\" content=\"Written by\" \/>\n\t<meta name=\"twitter:data1\" content=\"AFGES\" \/>\n\t<meta name=\"twitter:label2\" content=\"Est. reading time\" \/>\n\t<meta name=\"twitter:data2\" content=\"2 minutes\" \/>\n<script type=\"application\/ld+json\" class=\"yoast-schema-graph\">{\"@context\":\"https:\/\/schema.org\",\"@graph\":[{\"@type\":\"Article\",\"@id\":\"https:\/\/afges.azurewebsites.net\/en\/sous-financement-des-universites-mobilises-pour-lavenir-des-etablissements\/#article\",\"isPartOf\":{\"@id\":\"https:\/\/afges.azurewebsites.net\/en\/sous-financement-des-universites-mobilises-pour-lavenir-des-etablissements\/\"},\"author\":{\"name\":\"AFGES\",\"@id\":\"https:\/\/www.afges.org\/#\/schema\/person\/c7715983ea2a112d0bb3fdaba2346605\"},\"headline\":\"SOUS FINANCEMENT DES UNIVERSIT\u00c9S &#8211; Mobilis\u00e9s pour l\u2019avenir des \u00e9tablissements\",\"datePublished\":\"2024-12-03T20:48:30+00:00\",\"dateModified\":\"2024-12-03T20:52:54+00:00\",\"mainEntityOfPage\":{\"@id\":\"https:\/\/afges.azurewebsites.net\/en\/sous-financement-des-universites-mobilises-pour-lavenir-des-etablissements\/\"},\"wordCount\":305,\"publisher\":{\"@id\":\"https:\/\/www.afges.org\/#organization\"},\"articleSection\":[\"Citoyennet\u00e9\"],\"inLanguage\":\"en-US\"},{\"@type\":\"WebPage\",\"@id\":\"https:\/\/afges.azurewebsites.net\/en\/sous-financement-des-universites-mobilises-pour-lavenir-des-etablissements\/\",\"url\":\"https:\/\/afges.azurewebsites.net\/en\/sous-financement-des-universites-mobilises-pour-lavenir-des-etablissements\/\",\"name\":\"SOUS FINANCEMENT DES UNIVERSIT\u00c9S - Mobilis\u00e9s pour l\u2019avenir des \u00e9tablissements - AFGES\",\"isPartOf\":{\"@id\":\"https:\/\/www.afges.org\/#website\"},\"datePublished\":\"2024-12-03T20:48:30+00:00\",\"dateModified\":\"2024-12-03T20:52:54+00:00\",\"breadcrumb\":{\"@id\":\"https:\/\/afges.azurewebsites.net\/en\/sous-financement-des-universites-mobilises-pour-lavenir-des-etablissements\/#breadcrumb\"},\"inLanguage\":\"en-US\",\"potentialAction\":[{\"@type\":\"ReadAction\",\"target\":[\"https:\/\/afges.azurewebsites.net\/en\/sous-financement-des-universites-mobilises-pour-lavenir-des-etablissements\/\"]}]},{\"@type\":\"BreadcrumbList\",\"@id\":\"https:\/\/afges.azurewebsites.net\/en\/sous-financement-des-universites-mobilises-pour-lavenir-des-etablissements\/#breadcrumb\",\"itemListElement\":[{\"@type\":\"ListItem\",\"position\":1,\"name\":\"Accueil\",\"item\":\"https:\/\/www.afges.org\/\"},{\"@type\":\"ListItem\",\"position\":2,\"name\":\"SOUS FINANCEMENT DES UNIVERSIT\u00c9S &#8211; Mobilis\u00e9s pour l\u2019avenir des \u00e9tablissements\"}]},{\"@type\":\"WebSite\",\"@id\":\"https:\/\/www.afges.org\/#website\",\"url\":\"https:\/\/www.afges.org\/\",\"name\":\"AFGES, les \u00c9tudiant-e-s d\u2019Alsace\",\"description\":\"Les \u00c9tudiant-e-s d\u2019Alsace\",\"publisher\":{\"@id\":\"https:\/\/www.afges.org\/#organization\"},\"potentialAction\":[{\"@type\":\"SearchAction\",\"target\":{\"@type\":\"EntryPoint\",\"urlTemplate\":\"https:\/\/www.afges.org\/?s={search_term_string}\"},\"query-input\":{\"@type\":\"PropertyValueSpecification\",\"valueRequired\":true,\"valueName\":\"search_term_string\"}}],\"inLanguage\":\"en-US\"},{\"@type\":\"Organization\",\"@id\":\"https:\/\/www.afges.org\/#organization\",\"name\":\"AFGES, les \u00c9tudiant-e-s d\u2019Alsace\",\"url\":\"https:\/\/www.afges.org\/\",\"logo\":{\"@type\":\"ImageObject\",\"inLanguage\":\"en-US\",\"@id\":\"https:\/\/www.afges.org\/#\/schema\/logo\/image\/\",\"url\":\"\/wp-content\/uploads\/2025\/08\/Logo-AFGES-Orange-scaled.png\",\"contentUrl\":\"\/wp-content\/uploads\/2025\/08\/Logo-AFGES-Orange-scaled.png\",\"width\":2302,\"height\":2560,\"caption\":\"AFGES, les \u00c9tudiant-e-s d\u2019Alsace\"},\"image\":{\"@id\":\"https:\/\/www.afges.org\/#\/schema\/logo\/image\/\"},\"sameAs\":[\"https:\/\/www.facebook.com\/AFGES\",\"https:\/\/x.com\/AFGES\"]},{\"@type\":\"Person\",\"@id\":\"https:\/\/www.afges.org\/#\/schema\/person\/c7715983ea2a112d0bb3fdaba2346605\",\"name\":\"AFGES\",\"description\":\"Administrateur Syst\u00e8me de l'AFGES \/ webmaster@afges.org\",\"sameAs\":[\"https:\/\/afges.org\"],\"url\":\"https:\/\/interne.afges.org\/en\/author\/numerique\/\"}]}<\/script>\n<!-- \/ Yoast SEO plugin. -->","yoast_head_json":{"title":"SOUS FINANCEMENT DES UNIVERSIT\u00c9S - Mobilis\u00e9s pour l\u2019avenir des \u00e9tablissements - AFGES","robots":{"index":"index","follow":"follow","max-snippet":"max-snippet:-1","max-image-preview":"max-image-preview:large","max-video-preview":"max-video-preview:-1"},"canonical":"https:\/\/afges.azurewebsites.net\/en\/sous-financement-des-universites-mobilises-pour-lavenir-des-etablissements\/","og_locale":"en_US","og_type":"article","og_title":"SOUS FINANCEMENT DES UNIVERSIT\u00c9S - Mobilis\u00e9s pour l\u2019avenir des \u00e9tablissements - AFGES","og_description":"Face \u00e0 la mise en danger des universit\u00e9s par le Projet de Loi de Finance 2025, nous rejoignons la mobilisation nationale des universit\u00e9s et des \u00e9tudiants. Nous appelons \u00e0 un rassemblement ce soir \u00e0 18h devant l\u2019Institut Le Bel, pour d\u00e9fendre l&rsquo;avenir des universit\u00e9s. Le 15 octobre dernier, le congr\u00e8s de l\u2019Universit\u00e9 de Strasbourg alertait [&hellip;]","og_url":"https:\/\/afges.azurewebsites.net\/en\/sous-financement-des-universites-mobilises-pour-lavenir-des-etablissements\/","og_site_name":"AFGES","article_publisher":"https:\/\/www.facebook.com\/AFGES","article_published_time":"2024-12-03T20:48:30+00:00","article_modified_time":"2024-12-03T20:52:54+00:00","author":"AFGES","twitter_card":"summary_large_image","twitter_creator":"@AFGES","twitter_site":"@AFGES","twitter_misc":{"Written by":"AFGES","Est. reading time":"2 minutes"},"schema":{"@context":"https:\/\/schema.org","@graph":[{"@type":"Article","@id":"https:\/\/afges.azurewebsites.net\/en\/sous-financement-des-universites-mobilises-pour-lavenir-des-etablissements\/#article","isPartOf":{"@id":"https:\/\/afges.azurewebsites.net\/en\/sous-financement-des-universites-mobilises-pour-lavenir-des-etablissements\/"},"author":{"name":"AFGES","@id":"https:\/\/www.afges.org\/#\/schema\/person\/c7715983ea2a112d0bb3fdaba2346605"},"headline":"SOUS FINANCEMENT DES UNIVERSIT\u00c9S &#8211; Mobilis\u00e9s pour l\u2019avenir des \u00e9tablissements","datePublished":"2024-12-03T20:48:30+00:00","dateModified":"2024-12-03T20:52:54+00:00","mainEntityOfPage":{"@id":"https:\/\/afges.azurewebsites.net\/en\/sous-financement-des-universites-mobilises-pour-lavenir-des-etablissements\/"},"wordCount":305,"publisher":{"@id":"https:\/\/www.afges.org\/#organization"},"articleSection":["Citoyennet\u00e9"],"inLanguage":"en-US"},{"@type":"WebPage","@id":"https:\/\/afges.azurewebsites.net\/en\/sous-financement-des-universites-mobilises-pour-lavenir-des-etablissements\/","url":"https:\/\/afges.azurewebsites.net\/en\/sous-financement-des-universites-mobilises-pour-lavenir-des-etablissements\/","name":"SOUS FINANCEMENT DES UNIVERSIT\u00c9S - Mobilis\u00e9s pour l\u2019avenir des \u00e9tablissements - AFGES","isPartOf":{"@id":"https:\/\/www.afges.org\/#website"},"datePublished":"2024-12-03T20:48:30+00:00","dateModified":"2024-12-03T20:52:54+00:00","breadcrumb":{"@id":"https:\/\/afges.azurewebsites.net\/en\/sous-financement-des-universites-mobilises-pour-lavenir-des-etablissements\/#breadcrumb"},"inLanguage":"en-US","potentialAction":[{"@type":"ReadAction","target":["https:\/\/afges.azurewebsites.net\/en\/sous-financement-des-universites-mobilises-pour-lavenir-des-etablissements\/"]}]},{"@type":"BreadcrumbList","@id":"https:\/\/afges.azurewebsites.net\/en\/sous-financement-des-universites-mobilises-pour-lavenir-des-etablissements\/#breadcrumb","itemListElement":[{"@type":"ListItem","position":1,"name":"Accueil","item":"https:\/\/www.afges.org\/"},{"@type":"ListItem","position":2,"name":"SOUS FINANCEMENT DES UNIVERSIT\u00c9S &#8211; Mobilis\u00e9s pour l\u2019avenir des \u00e9tablissements"}]},{"@type":"WebSite","@id":"https:\/\/www.afges.org\/#website","url":"https:\/\/www.afges.org\/","name":"AFGES, les \u00c9tudiant-e-s d\u2019Alsace","description":"Les \u00c9tudiant-e-s d\u2019Alsace","publisher":{"@id":"https:\/\/www.afges.org\/#organization"},"potentialAction":[{"@type":"SearchAction","target":{"@type":"EntryPoint","urlTemplate":"https:\/\/www.afges.org\/?s={search_term_string}"},"query-input":{"@type":"PropertyValueSpecification","valueRequired":true,"valueName":"search_term_string"}}],"inLanguage":"en-US"},{"@type":"Organization","@id":"https:\/\/www.afges.org\/#organization","name":"AFGES, les \u00c9tudiant-e-s d\u2019Alsace","url":"https:\/\/www.afges.org\/","logo":{"@type":"ImageObject","inLanguage":"en-US","@id":"https:\/\/www.afges.org\/#\/schema\/logo\/image\/","url":"\/wp-content\/uploads\/2025\/08\/Logo-AFGES-Orange-scaled.png","contentUrl":"\/wp-content\/uploads\/2025\/08\/Logo-AFGES-Orange-scaled.png","width":2302,"height":2560,"caption":"AFGES, les \u00c9tudiant-e-s d\u2019Alsace"},"image":{"@id":"https:\/\/www.afges.org\/#\/schema\/logo\/image\/"},"sameAs":["https:\/\/www.facebook.com\/AFGES","https:\/\/x.com\/AFGES"]},{"@type":"Person","@id":"https:\/\/www.afges.org\/#\/schema\/person\/c7715983ea2a112d0bb3fdaba2346605","name":"AFGES","description":"Administrateur Syst\u00e8me de l'AFGES \/ webmaster@afges.org","sameAs":["https:\/\/afges.org"],"url":"https:\/\/interne.afges.org\/en\/author\/numerique\/"}]}},"_links":{"self":[{"href":"https:\/\/interne.afges.org\/en\/wp-json\/wp\/v2\/posts\/1317","targetHints":{"allow":["GET"]}}],"collection":[{"href":"https:\/\/interne.afges.org\/en\/wp-json\/wp\/v2\/posts"}],"about":[{"href":"https:\/\/interne.afges.org\/en\/wp-json\/wp\/v2\/types\/post"}],"author":[{"embeddable":true,"href":"https:\/\/interne.afges.org\/en\/wp-json\/wp\/v2\/users\/1"}],"replies":[{"embeddable":true,"href":"https:\/\/interne.afges.org\/en\/wp-json\/wp\/v2\/comments?post=1317"}],"version-history":[{"count":5,"href":"https:\/\/interne.afges.org\/en\/wp-json\/wp\/v2\/posts\/1317\/revisions"}],"predecessor-version":[{"id":1324,"href":"https:\/\/interne.afges.org\/en\/wp-json\/wp\/v2\/posts\/1317\/revisions\/1324"}],"wp:attachment":[{"href":"https:\/\/interne.afges.org\/en\/wp-json\/wp\/v2\/media?parent=1317"}],"wp:term":[{"taxonomy":"category","embeddable":true,"href":"https:\/\/interne.afges.org\/en\/wp-json\/wp\/v2\/categories?post=1317"},{"taxonomy":"post_tag","embeddable":true,"href":"https:\/\/interne.afges.org\/en\/wp-json\/wp\/v2\/tags?post=1317"}],"curies":[{"name":"wp","href":"https:\/\/api.w.org\/{rel}","templated":true}]}}