{"id":1043,"date":"2024-09-07T21:30:55","date_gmt":"2024-09-07T19:30:55","guid":{"rendered":"https:\/\/afges.org\/?p=1043"},"modified":"2024-09-07T21:36:38","modified_gmt":"2024-09-07T19:36:38","slug":"nouveau-premier-ministre-lappel-a-laction-des-etudiants","status":"publish","type":"post","link":"https:\/\/interne.afges.org\/en\/nouveau-premier-ministre-lappel-a-laction-des-etudiants\/","title":{"rendered":"NOUVEAU PREMIER MINISTRE &#8211; L\u2019appel \u00e0 l\u2019action des \u00e9tudiants"},"content":{"rendered":"<div data-elementor-type=\"wp-post\" data-elementor-id=\"1043\" class=\"elementor elementor-1043\">\n\t\t\t\t<div class=\"elementor-element elementor-element-4c60da67 e-flex e-con-boxed e-con e-parent\" data-id=\"4c60da67\" data-element_type=\"container\" data-e-type=\"container\">\n\t\t\t\t\t<div class=\"e-con-inner\">\n\t\t\t\t<div class=\"elementor-element elementor-element-48ac97b elementor-widget elementor-widget-heading\" data-id=\"48ac97b\" data-element_type=\"widget\" data-e-type=\"widget\" data-widget_type=\"heading.default\">\n\t\t\t\t<div class=\"elementor-widget-container\">\n\t\t\t\t\t<h5 class=\"elementor-heading-title elementor-size-default\">Nous demandons au futur gouvernement de poursuivre rapidement la construction de la r\u00e9forme des bourses  et d\u2019augmenter les moyens allou\u00e9s \u00e0 l\u2019ESR. Les \u00e9tudiants ne peuvent plus attendre.<\/h5>\t\t\t\t<\/div>\n\t\t\t\t<\/div>\n\t\t\t\t<div class=\"elementor-element elementor-element-d97556f elementor-widget elementor-widget-text-editor\" data-id=\"d97556f\" data-element_type=\"widget\" data-e-type=\"widget\" data-widget_type=\"text-editor.default\">\n\t\t\t\t<div class=\"elementor-widget-container\">\n\t\t\t\t\t\t\t\t\t<p>Apr\u00e8s les \u00e9lections l\u00e9gislatives et la d\u00e9mission du gouvernement \u00e0 l\u2019issue des r\u00e9sultats, la nomination d\u2019un nouveau Premier ministre n\u2019a eu de cesse d\u2019\u00eatre repouss\u00e9e. Ce d\u00e9lai, bien trop long, a lourdement retard\u00e9 les dialogues et actions \u00e0 mettre en \u0153uvre pour soutenir les \u00e9tudiants, affectant particuli\u00e8rement la r\u00e9forme des bourses en cours de construction, pourtant d\u00e9j\u00e0 report\u00e9e d\u2019un an.\u00a0<\/p><p>Alors que la composition du nouveau gouvernement se fait toujours attendre, il est indispensable que son chef nouvellement nomm\u00e9 clarifie rapidement la position qu\u2019il adoptera vis-\u00e0-vis des probl\u00e9matiques \u00e9tudiantes et des moyens allou\u00e9s \u00e0 l\u2019enseignement sup\u00e9rieur dans le prochain projet de loi de finances.\u00a0<\/p><p>Confront\u00e9 \u00e0 une pr\u00e9carit\u00e9 grandissante, avec un co\u00fbt de la rentr\u00e9e atteignant d\u00e9sormais les 3 156\u20ac \u00e0 Strasbourg, l\u2019urgence d\u2019agir se fait plus que jamais ressentir chez les \u00e9tudiants. Parall\u00e8lement, l\u2019enseignement sup\u00e9rieur devient de plus en plus difficile d\u2019acc\u00e8s, avec une d\u00e9gradation progressive des services propos\u00e9s, caus\u00e9 par les budgets d\u00e9ficitaires des universit\u00e9s, faute de financements. Cette situation, qui porte directement atteinte \u00e0 la r\u00e9ussite et au bien-\u00eatre des jeunes, doit \u00eatre une priorit\u00e9 absolue du futur gouvernement.\u00a0<\/p><p><b>L&rsquo;AFGES demande au futur gouvernement de poursuivre rapidement la construction de la r\u00e9forme des bourses<\/b> pour une application d\u00e8s la prochaine rentr\u00e9e et d\u2019augmenter les moyens allou\u00e9s \u00e0 l\u2019enseignement sup\u00e9rieur. Les \u00e9tudiants ne peuvent plus attendre.<\/p>\t\t\t\t\t\t\t\t<\/div>\n\t\t\t\t<\/div>\n\t\t\t\t<div class=\"elementor-element elementor-element-f6e1f95 elementor-widget-divider--view-line elementor-widget elementor-widget-divider\" data-id=\"f6e1f95\" data-element_type=\"widget\" data-e-type=\"widget\" data-widget_type=\"divider.default\">\n\t\t\t\t<div class=\"elementor-widget-container\">\n\t\t\t\t\t\t\t<div class=\"elementor-divider\">\n\t\t\t<span class=\"elementor-divider-separator\">\n\t\t\t\t\t\t<\/span>\n\t\t<\/div>\n\t\t\t\t\t\t<\/div>\n\t\t\t\t<\/div>\n\t\t<div class=\"elementor-element elementor-element-1b73507 e-con-full e-flex e-con e-child\" data-id=\"1b73507\" data-element_type=\"container\" data-e-type=\"container\">\n\t\t\t\t<div class=\"elementor-element elementor-element-e9a7a83 elementor-widget elementor-widget-text-editor\" data-id=\"e9a7a83\" data-element_type=\"widget\" data-e-type=\"widget\" data-widget_type=\"text-editor.default\">\n\t\t\t\t<div class=\"elementor-widget-container\">\n\t\t\t\t\t\t\t\t\t<p><strong>Chlo\u00e9 HEYD<\/strong><\/p>\n<p>President<\/p>\n<p>presidente@afges.org<\/p>\t\t\t\t\t\t\t\t<\/div>\n\t\t\t\t<\/div>\n\t\t\t\t<div class=\"elementor-element elementor-element-70737ec elementor-widget elementor-widget-text-editor\" data-id=\"70737ec\" data-element_type=\"widget\" data-e-type=\"widget\" data-widget_type=\"text-editor.default\">\n\t\t\t\t<div class=\"elementor-widget-container\">\n\t\t\t\t\t\t\t\t\t<p><strong>J\u00e9r\u00e9my DARENNE<\/strong><\/p>\n<p>Premier Vice-Pr\u00e9sident<\/p>\n<p>presse@afges.org<\/p>\n<p>06.36.14.72.13<\/p>\t\t\t\t\t\t\t\t<\/div>\n\t\t\t\t<\/div>\n\t\t\t\t<\/div>\n\t\t\t\t<div class=\"elementor-element elementor-element-1394875 elementor-widget elementor-widget-text-editor\" data-id=\"1394875\" data-element_type=\"widget\" data-e-type=\"widget\" data-widget_type=\"text-editor.default\">\n\t\t\t\t<div class=\"elementor-widget-container\">\n\t\t\t\t\t\t\t\t\t<p>7 septembre 2024<\/p>\t\t\t\t\t\t\t\t<\/div>\n\t\t\t\t<\/div>\n\t\t<div class=\"elementor-element elementor-element-16c9f88 e-con-full e-flex e-con e-child\" data-id=\"16c9f88\" data-element_type=\"container\" data-e-type=\"container\">\n\t\t\t\t<div class=\"elementor-element elementor-element-e5ab31e elementor-view-default elementor-widget elementor-widget-icon\" data-id=\"e5ab31e\" data-element_type=\"widget\" data-e-type=\"widget\" data-widget_type=\"icon.default\">\n\t\t\t\t<div class=\"elementor-widget-container\">\n\t\t\t\t\t\t\t<div class=\"elementor-icon-wrapper\">\n\t\t\t<a class=\"elementor-icon\" href=\"\/wp-content\/uploads\/2024\/09\/CP-07_09_2024-Nouveau-premier-ministre.pdf\">\n\t\t\t<svg aria-hidden=\"true\" class=\"e-font-icon-svg e-fas-file-download\" viewbox=\"0 0 384 512\" xmlns=\"http:\/\/www.w3.org\/2000\/svg\"><path d=\"M224 136V0H24C10.7 0 0 10.7 0 24v464c0 13.3 10.7 24 24 24h336c13.3 0 24-10.7 24-24V160H248c-13.2 0-24-10.8-24-24zm76.45 211.36l-96.42 95.7c-6.65 6.61-17.39 6.61-24.04 0l-96.42-95.7C73.42 337.29 80.54 320 94.82 320H160v-80c0-8.84 7.16-16 16-16h32c8.84 0 16 7.16 16 16v80h65.18c14.28 0 21.4 17.29 11.27 27.36zM377 105L279.1 7c-4.5-4.5-10.6-7-17-7H256v128h128v-6.1c0-6.3-2.5-12.4-7-16.9z\"><\/path><\/svg>\t\t\t<\/a>\n\t\t<\/div>\n\t\t\t\t\t\t<\/div>\n\t\t\t\t<\/div>\n\t\t\t\t<div class=\"elementor-element elementor-element-6a3300e elementor-view-default elementor-widget elementor-widget-icon\" data-id=\"6a3300e\" data-element_type=\"widget\" data-e-type=\"widget\" data-widget_type=\"icon.default\">\n\t\t\t\t<div class=\"elementor-widget-container\">\n\t\t\t\t\t\t\t<div class=\"elementor-icon-wrapper\">\n\t\t\t<a class=\"elementor-icon\" href=\"https:\/\/x.com\/AFGES\/status\/1832402083175149656\">\n\t\t\t<svg aria-hidden=\"true\" class=\"e-font-icon-svg e-fab-x-twitter\" viewbox=\"0 0 512 512\" xmlns=\"http:\/\/www.w3.org\/2000\/svg\"><path d=\"M389.2 48h70.6L305.6 224.2 487 464H345L233.7 318.6 106.5 464H35.8L200.7 275.5 26.8 48H172.4L272.9 180.9 389.2 48zM364.4 421.8h39.1L151.1 88h-42L364.4 421.8z\"><\/path><\/svg>\t\t\t<\/a>\n\t\t<\/div>\n\t\t\t\t\t\t<\/div>\n\t\t\t\t<\/div>\n\t\t\t\t<\/div>\n\t\t\t\t\t<\/div>\n\t\t\t\t<\/div>\n\t\t\t\t<\/div>","protected":false},"excerpt":{"rendered":"<p>Nous demandons au futur gouvernement de poursuivre rapidement la construction de la r\u00e9forme des bourses et d\u2019augmenter les moyens allou\u00e9s \u00e0 l\u2019ESR. Les \u00e9tudiants ne peuvent plus attendre. Apr\u00e8s les \u00e9lections l\u00e9gislatives et la d\u00e9mission du gouvernement \u00e0 l\u2019issue des r\u00e9sultats, la nomination d\u2019un nouveau Premier ministre n\u2019a eu de cesse d\u2019\u00eatre repouss\u00e9e. Ce d\u00e9lai, [&hellip;]<\/p>\n","protected":false},"author":1,"featured_media":0,"comment_status":"closed","ping_status":"closed","sticky":false,"template":"","format":"standard","meta":{"footnotes":""},"categories":[12],"tags":[],"class_list":["post-1043","post","type-post","status-publish","format-standard","hentry","category-citoyennete"],"blocksy_meta":[],"yoast_head":"<!-- This site is optimized with the Yoast SEO plugin v27.2 - https:\/\/yoast.com\/product\/yoast-seo-wordpress\/ -->\n<title>NOUVEAU PREMIER MINISTRE - L\u2019appel \u00e0 l\u2019action des \u00e9tudiants - AFGES<\/title>\n<meta name=\"robots\" content=\"index, follow, max-snippet:-1, max-image-preview:large, max-video-preview:-1\" \/>\n<link rel=\"canonical\" href=\"https:\/\/interne.afges.org\/en\/nouveau-premier-ministre-lappel-a-laction-des-etudiants\/\" \/>\n<meta property=\"og:locale\" content=\"en_US\" \/>\n<meta property=\"og:type\" content=\"article\" \/>\n<meta property=\"og:title\" content=\"NOUVEAU PREMIER MINISTRE - L\u2019appel \u00e0 l\u2019action des \u00e9tudiants - AFGES\" \/>\n<meta property=\"og:description\" content=\"Nous demandons au futur gouvernement de poursuivre rapidement la construction de la r\u00e9forme des bourses et d\u2019augmenter les moyens allou\u00e9s \u00e0 l\u2019ESR. Les \u00e9tudiants ne peuvent plus attendre. Apr\u00e8s les \u00e9lections l\u00e9gislatives et la d\u00e9mission du gouvernement \u00e0 l\u2019issue des r\u00e9sultats, la nomination d\u2019un nouveau Premier ministre n\u2019a eu de cesse d\u2019\u00eatre repouss\u00e9e. Ce d\u00e9lai, [&hellip;]\" \/>\n<meta property=\"og:url\" content=\"https:\/\/interne.afges.org\/en\/nouveau-premier-ministre-lappel-a-laction-des-etudiants\/\" \/>\n<meta property=\"og:site_name\" content=\"AFGES\" \/>\n<meta property=\"article:publisher\" content=\"https:\/\/www.facebook.com\/AFGES\" \/>\n<meta property=\"article:published_time\" content=\"2024-09-07T19:30:55+00:00\" \/>\n<meta property=\"article:modified_time\" content=\"2024-09-07T19:36:38+00:00\" \/>\n<meta name=\"author\" content=\"AFGES\" \/>\n<meta name=\"twitter:card\" content=\"summary_large_image\" \/>\n<meta name=\"twitter:creator\" content=\"@AFGES\" \/>\n<meta name=\"twitter:site\" content=\"@AFGES\" \/>\n<meta name=\"twitter:label1\" content=\"Written by\" \/>\n\t<meta name=\"twitter:data1\" content=\"AFGES\" \/>\n\t<meta name=\"twitter:label2\" content=\"Est. reading time\" \/>\n\t<meta name=\"twitter:data2\" content=\"2 minutes\" \/>\n<script type=\"application\/ld+json\" class=\"yoast-schema-graph\">{\"@context\":\"https:\/\/schema.org\",\"@graph\":[{\"@type\":\"Article\",\"@id\":\"https:\/\/interne.afges.org\/en\/nouveau-premier-ministre-lappel-a-laction-des-etudiants\/#article\",\"isPartOf\":{\"@id\":\"https:\/\/interne.afges.org\/en\/nouveau-premier-ministre-lappel-a-laction-des-etudiants\/\"},\"author\":{\"name\":\"AFGES\",\"@id\":\"https:\/\/www.afges.org\/#\/schema\/person\/c7715983ea2a112d0bb3fdaba2346605\"},\"headline\":\"NOUVEAU PREMIER MINISTRE &#8211; L\u2019appel \u00e0 l\u2019action des \u00e9tudiants\",\"datePublished\":\"2024-09-07T19:30:55+00:00\",\"dateModified\":\"2024-09-07T19:36:38+00:00\",\"mainEntityOfPage\":{\"@id\":\"https:\/\/interne.afges.org\/en\/nouveau-premier-ministre-lappel-a-laction-des-etudiants\/\"},\"wordCount\":314,\"publisher\":{\"@id\":\"https:\/\/www.afges.org\/#organization\"},\"articleSection\":[\"Citoyennet\u00e9\"],\"inLanguage\":\"en-US\"},{\"@type\":\"WebPage\",\"@id\":\"https:\/\/interne.afges.org\/en\/nouveau-premier-ministre-lappel-a-laction-des-etudiants\/\",\"url\":\"https:\/\/interne.afges.org\/en\/nouveau-premier-ministre-lappel-a-laction-des-etudiants\/\",\"name\":\"NOUVEAU PREMIER MINISTRE - L\u2019appel \u00e0 l\u2019action des \u00e9tudiants - AFGES\",\"isPartOf\":{\"@id\":\"https:\/\/www.afges.org\/#website\"},\"datePublished\":\"2024-09-07T19:30:55+00:00\",\"dateModified\":\"2024-09-07T19:36:38+00:00\",\"breadcrumb\":{\"@id\":\"https:\/\/interne.afges.org\/en\/nouveau-premier-ministre-lappel-a-laction-des-etudiants\/#breadcrumb\"},\"inLanguage\":\"en-US\",\"potentialAction\":[{\"@type\":\"ReadAction\",\"target\":[\"https:\/\/interne.afges.org\/en\/nouveau-premier-ministre-lappel-a-laction-des-etudiants\/\"]}]},{\"@type\":\"BreadcrumbList\",\"@id\":\"https:\/\/interne.afges.org\/en\/nouveau-premier-ministre-lappel-a-laction-des-etudiants\/#breadcrumb\",\"itemListElement\":[{\"@type\":\"ListItem\",\"position\":1,\"name\":\"Accueil\",\"item\":\"https:\/\/www.afges.org\/\"},{\"@type\":\"ListItem\",\"position\":2,\"name\":\"NOUVEAU PREMIER MINISTRE &#8211; L\u2019appel \u00e0 l\u2019action des \u00e9tudiants\"}]},{\"@type\":\"WebSite\",\"@id\":\"https:\/\/www.afges.org\/#website\",\"url\":\"https:\/\/www.afges.org\/\",\"name\":\"AFGES, les \u00c9tudiant-e-s d\u2019Alsace\",\"description\":\"Les \u00c9tudiant-e-s d\u2019Alsace\",\"publisher\":{\"@id\":\"https:\/\/www.afges.org\/#organization\"},\"potentialAction\":[{\"@type\":\"SearchAction\",\"target\":{\"@type\":\"EntryPoint\",\"urlTemplate\":\"https:\/\/www.afges.org\/?s={search_term_string}\"},\"query-input\":{\"@type\":\"PropertyValueSpecification\",\"valueRequired\":true,\"valueName\":\"search_term_string\"}}],\"inLanguage\":\"en-US\"},{\"@type\":\"Organization\",\"@id\":\"https:\/\/www.afges.org\/#organization\",\"name\":\"AFGES, les \u00c9tudiant-e-s d\u2019Alsace\",\"url\":\"https:\/\/www.afges.org\/\",\"logo\":{\"@type\":\"ImageObject\",\"inLanguage\":\"en-US\",\"@id\":\"https:\/\/www.afges.org\/#\/schema\/logo\/image\/\",\"url\":\"\/wp-content\/uploads\/2025\/08\/Logo-AFGES-Orange-scaled.png\",\"contentUrl\":\"\/wp-content\/uploads\/2025\/08\/Logo-AFGES-Orange-scaled.png\",\"width\":2302,\"height\":2560,\"caption\":\"AFGES, les \u00c9tudiant-e-s d\u2019Alsace\"},\"image\":{\"@id\":\"https:\/\/www.afges.org\/#\/schema\/logo\/image\/\"},\"sameAs\":[\"https:\/\/www.facebook.com\/AFGES\",\"https:\/\/x.com\/AFGES\"]},{\"@type\":\"Person\",\"@id\":\"https:\/\/www.afges.org\/#\/schema\/person\/c7715983ea2a112d0bb3fdaba2346605\",\"name\":\"AFGES\",\"description\":\"Administrateur Syst\u00e8me de l'AFGES \/ webmaster@afges.org\",\"sameAs\":[\"https:\/\/afges.org\"],\"url\":\"https:\/\/interne.afges.org\/en\/author\/numerique\/\"}]}<\/script>\n<!-- \/ Yoast SEO plugin. -->","yoast_head_json":{"title":"NOUVEAU PREMIER MINISTRE - L\u2019appel \u00e0 l\u2019action des \u00e9tudiants - AFGES","robots":{"index":"index","follow":"follow","max-snippet":"max-snippet:-1","max-image-preview":"max-image-preview:large","max-video-preview":"max-video-preview:-1"},"canonical":"https:\/\/interne.afges.org\/en\/nouveau-premier-ministre-lappel-a-laction-des-etudiants\/","og_locale":"en_US","og_type":"article","og_title":"NOUVEAU PREMIER MINISTRE - L\u2019appel \u00e0 l\u2019action des \u00e9tudiants - AFGES","og_description":"Nous demandons au futur gouvernement de poursuivre rapidement la construction de la r\u00e9forme des bourses et d\u2019augmenter les moyens allou\u00e9s \u00e0 l\u2019ESR. Les \u00e9tudiants ne peuvent plus attendre. Apr\u00e8s les \u00e9lections l\u00e9gislatives et la d\u00e9mission du gouvernement \u00e0 l\u2019issue des r\u00e9sultats, la nomination d\u2019un nouveau Premier ministre n\u2019a eu de cesse d\u2019\u00eatre repouss\u00e9e. Ce d\u00e9lai, [&hellip;]","og_url":"https:\/\/interne.afges.org\/en\/nouveau-premier-ministre-lappel-a-laction-des-etudiants\/","og_site_name":"AFGES","article_publisher":"https:\/\/www.facebook.com\/AFGES","article_published_time":"2024-09-07T19:30:55+00:00","article_modified_time":"2024-09-07T19:36:38+00:00","author":"AFGES","twitter_card":"summary_large_image","twitter_creator":"@AFGES","twitter_site":"@AFGES","twitter_misc":{"Written by":"AFGES","Est. reading time":"2 minutes"},"schema":{"@context":"https:\/\/schema.org","@graph":[{"@type":"Article","@id":"https:\/\/interne.afges.org\/en\/nouveau-premier-ministre-lappel-a-laction-des-etudiants\/#article","isPartOf":{"@id":"https:\/\/interne.afges.org\/en\/nouveau-premier-ministre-lappel-a-laction-des-etudiants\/"},"author":{"name":"AFGES","@id":"https:\/\/www.afges.org\/#\/schema\/person\/c7715983ea2a112d0bb3fdaba2346605"},"headline":"NOUVEAU PREMIER MINISTRE &#8211; L\u2019appel \u00e0 l\u2019action des \u00e9tudiants","datePublished":"2024-09-07T19:30:55+00:00","dateModified":"2024-09-07T19:36:38+00:00","mainEntityOfPage":{"@id":"https:\/\/interne.afges.org\/en\/nouveau-premier-ministre-lappel-a-laction-des-etudiants\/"},"wordCount":314,"publisher":{"@id":"https:\/\/www.afges.org\/#organization"},"articleSection":["Citoyennet\u00e9"],"inLanguage":"en-US"},{"@type":"WebPage","@id":"https:\/\/interne.afges.org\/en\/nouveau-premier-ministre-lappel-a-laction-des-etudiants\/","url":"https:\/\/interne.afges.org\/en\/nouveau-premier-ministre-lappel-a-laction-des-etudiants\/","name":"NOUVEAU PREMIER MINISTRE - L\u2019appel \u00e0 l\u2019action des \u00e9tudiants - AFGES","isPartOf":{"@id":"https:\/\/www.afges.org\/#website"},"datePublished":"2024-09-07T19:30:55+00:00","dateModified":"2024-09-07T19:36:38+00:00","breadcrumb":{"@id":"https:\/\/interne.afges.org\/en\/nouveau-premier-ministre-lappel-a-laction-des-etudiants\/#breadcrumb"},"inLanguage":"en-US","potentialAction":[{"@type":"ReadAction","target":["https:\/\/interne.afges.org\/en\/nouveau-premier-ministre-lappel-a-laction-des-etudiants\/"]}]},{"@type":"BreadcrumbList","@id":"https:\/\/interne.afges.org\/en\/nouveau-premier-ministre-lappel-a-laction-des-etudiants\/#breadcrumb","itemListElement":[{"@type":"ListItem","position":1,"name":"Accueil","item":"https:\/\/www.afges.org\/"},{"@type":"ListItem","position":2,"name":"NOUVEAU PREMIER MINISTRE &#8211; L\u2019appel \u00e0 l\u2019action des \u00e9tudiants"}]},{"@type":"WebSite","@id":"https:\/\/www.afges.org\/#website","url":"https:\/\/www.afges.org\/","name":"AFGES, les \u00c9tudiant-e-s d\u2019Alsace","description":"Les \u00c9tudiant-e-s d\u2019Alsace","publisher":{"@id":"https:\/\/www.afges.org\/#organization"},"potentialAction":[{"@type":"SearchAction","target":{"@type":"EntryPoint","urlTemplate":"https:\/\/www.afges.org\/?s={search_term_string}"},"query-input":{"@type":"PropertyValueSpecification","valueRequired":true,"valueName":"search_term_string"}}],"inLanguage":"en-US"},{"@type":"Organization","@id":"https:\/\/www.afges.org\/#organization","name":"AFGES, les \u00c9tudiant-e-s d\u2019Alsace","url":"https:\/\/www.afges.org\/","logo":{"@type":"ImageObject","inLanguage":"en-US","@id":"https:\/\/www.afges.org\/#\/schema\/logo\/image\/","url":"\/wp-content\/uploads\/2025\/08\/Logo-AFGES-Orange-scaled.png","contentUrl":"\/wp-content\/uploads\/2025\/08\/Logo-AFGES-Orange-scaled.png","width":2302,"height":2560,"caption":"AFGES, les \u00c9tudiant-e-s d\u2019Alsace"},"image":{"@id":"https:\/\/www.afges.org\/#\/schema\/logo\/image\/"},"sameAs":["https:\/\/www.facebook.com\/AFGES","https:\/\/x.com\/AFGES"]},{"@type":"Person","@id":"https:\/\/www.afges.org\/#\/schema\/person\/c7715983ea2a112d0bb3fdaba2346605","name":"AFGES","description":"Administrateur Syst\u00e8me de l'AFGES \/ webmaster@afges.org","sameAs":["https:\/\/afges.org"],"url":"https:\/\/interne.afges.org\/en\/author\/numerique\/"}]}},"_links":{"self":[{"href":"https:\/\/interne.afges.org\/en\/wp-json\/wp\/v2\/posts\/1043","targetHints":{"allow":["GET"]}}],"collection":[{"href":"https:\/\/interne.afges.org\/en\/wp-json\/wp\/v2\/posts"}],"about":[{"href":"https:\/\/interne.afges.org\/en\/wp-json\/wp\/v2\/types\/post"}],"author":[{"embeddable":true,"href":"https:\/\/interne.afges.org\/en\/wp-json\/wp\/v2\/users\/1"}],"replies":[{"embeddable":true,"href":"https:\/\/interne.afges.org\/en\/wp-json\/wp\/v2\/comments?post=1043"}],"version-history":[{"count":5,"href":"https:\/\/interne.afges.org\/en\/wp-json\/wp\/v2\/posts\/1043\/revisions"}],"predecessor-version":[{"id":1049,"href":"https:\/\/interne.afges.org\/en\/wp-json\/wp\/v2\/posts\/1043\/revisions\/1049"}],"wp:attachment":[{"href":"https:\/\/interne.afges.org\/en\/wp-json\/wp\/v2\/media?parent=1043"}],"wp:term":[{"taxonomy":"category","embeddable":true,"href":"https:\/\/interne.afges.org\/en\/wp-json\/wp\/v2\/categories?post=1043"},{"taxonomy":"post_tag","embeddable":true,"href":"https:\/\/interne.afges.org\/en\/wp-json\/wp\/v2\/tags?post=1043"}],"curies":[{"name":"wp","href":"https:\/\/api.w.org\/{rel}","templated":true}]}}